{"id":899,"date":"2025-01-23T15:30:10","date_gmt":"2025-01-23T14:30:10","guid":{"rendered":"https:\/\/www.3tv.bf\/?p=899"},"modified":"2025-01-23T15:30:10","modified_gmt":"2025-01-23T14:30:10","slug":"aes-bientot-la-mise-en-circulation-de-nouveaux-passeports","status":"publish","type":"post","link":"https:\/\/www.3tv.bf\/index.php\/2025\/01\/23\/aes-bientot-la-mise-en-circulation-de-nouveaux-passeports\/","title":{"rendered":"AES : bient\u00f4t la mise en circulation de nouveaux passeports"},"content":{"rendered":"<p><strong>Conform\u00e9ment \u00e0 la feuille de route de l\u2019AES et dans le cadre de son engagement en faveur de la libre circulation des citoyens, le Pr\u00e9sident de la Conf\u00e9d\u00e9ration des \u00c9tats du Sahel a annonc\u00e9 officiellement, \u00e0 travers un communiqu\u00e9, la mise en circulation des nouveaux passeports de l\u2019AES.<\/strong><\/p>\n<p>Ces nouveaux passeports seront disponibles \u00e0 partir du 29 janvier 2025. Toutefois, les anciens passeports resteront valables jusqu\u2019\u00e0 leur date d\u2019expiration.<\/p>\n<p><strong><em>\u00ab\u00a0Les citoyens d\u00e9tenteurs des passeports arborant le logo de la CEDEAO, toujours en cours de validit\u00e9, pourront \u00e9galement les faire remplacer par des nouveaux passeports de l&rsquo;AES conform\u00e9ment aux r\u00e8gles en la mati\u00e8re\u00a0\u00bb<\/em><\/strong>.<\/p>\n<p>Cette proc\u00e9dure se fera conform\u00e9ment aux r\u00e8gles et dispositions en vigueur, garantissant un processus clair et ordonn\u00e9.<\/p>\n<p>Le Pr\u00e9sident de la Conf\u00e9d\u00e9ration,\u00a0Assimi GO\u00cfTA, par ailleurs,\u00a0Pr\u00e9sident de la Transition du Mali, r\u00e9affirme l\u2019engagement de l\u2019AES \u00e0 assurer l\u2019effectivit\u00e9 de la libre circulation des personnes et des biens dans tout l\u2019espace conf\u00e9d\u00e9ral. Des dispositions pratiques seront mises en place pour \u00e9viter toute perturbation et renforcer les liens entre les citoyens des diff\u00e9rents \u00c9tats membres.<\/p>\n","protected":false},"excerpt":{"rendered":"<p>Conform\u00e9ment \u00e0 la feuille de route de l\u2019AES et dans le cadre de son engagement en faveur de la libre circulation des citoyens, le Pr\u00e9sident de la Conf\u00e9d\u00e9ration des \u00c9tats du Sahel a annonc\u00e9 officiellement, \u00e0 travers un communiqu\u00e9, la mise en circulation des nouveaux passeports de l\u2019AES. Ces nouveaux passeports seront disponibles \u00e0 partir [&hellip;]<\/p>\n","protected":false},"author":13,"featured_media":900,"comment_status":"open","ping_status":"open","sticky":false,"template":"","format":"standard","meta":{"advanced_seo_description":"","jetpack_seo_html_title":"","jetpack_seo_noindex":false,"_jetpack_memberships_contains_paid_content":false,"footnotes":"","jetpack_publicize_message":"","jetpack_publicize_feature_enabled":true,"jetpack_social_post_already_shared":true,"jetpack_social_options":{"image_generator_settings":{"template":"highway","default_image_id":0,"font":"","enabled":false},"version":2}},"categories":[3],"tags":[],"class_list":{"0":"post-899","1":"post","2":"type-post","3":"status-publish","4":"format-standard","5":"has-post-thumbnail","7":"category-politique"},"jetpack_publicize_connections":[],"jetpack_featured_media_url":"https:\/\/i0.wp.com\/www.3tv.bf\/wp-content\/uploads\/2025\/01\/AES-passeport.jpg?fit=1000%2C956&ssl=1","jetpack_shortlink":"https:\/\/wp.me\/pc7wRC-ev","jetpack_sharing_enabled":true,"_links":{"self":[{"href":"https:\/\/www.3tv.bf\/index.php\/wp-json\/wp\/v2\/posts\/899","targetHints":{"allow":["GET"]}}],"collection":[{"href":"https:\/\/www.3tv.bf\/index.php\/wp-json\/wp\/v2\/posts"}],"about":[{"href":"https:\/\/www.3tv.bf\/index.php\/wp-json\/wp\/v2\/types\/post"}],"author":[{"embeddable":true,"href":"https:\/\/www.3tv.bf\/index.php\/wp-json\/wp\/v2\/users\/13"}],"replies":[{"embeddable":true,"href":"https:\/\/www.3tv.bf\/index.php\/wp-json\/wp\/v2\/comments?post=899"}],"version-history":[{"count":0,"href":"https:\/\/www.3tv.bf\/index.php\/wp-json\/wp\/v2\/posts\/899\/revisions"}],"wp:featuredmedia":[{"embeddable":true,"href":"https:\/\/www.3tv.bf\/index.php\/wp-json\/wp\/v2\/media\/900"}],"wp:attachment":[{"href":"https:\/\/www.3tv.bf\/index.php\/wp-json\/wp\/v2\/media?parent=899"}],"wp:term":[{"taxonomy":"category","embeddable":true,"href":"https:\/\/www.3tv.bf\/index.php\/wp-json\/wp\/v2\/categories?post=899"},{"taxonomy":"post_tag","embeddable":true,"href":"https:\/\/www.3tv.bf\/index.php\/wp-json\/wp\/v2\/tags?post=899"}],"curies":[{"name":"wp","href":"https:\/\/api.w.org\/{rel}","templated":true}]}}