{"id":321,"date":"2024-08-20T16:24:38","date_gmt":"2024-08-20T14:24:38","guid":{"rendered":"https:\/\/www.3tv.bf\/?p=321"},"modified":"2024-08-20T16:24:38","modified_gmt":"2024-08-20T14:24:38","slug":"centrafrique-la-paix-une-necessite","status":"publish","type":"post","link":"https:\/\/www.3tv.bf\/index.php\/2024\/08\/20\/centrafrique-la-paix-une-necessite\/","title":{"rendered":"Centrafrique : la paix, une n\u00e9cessit\u00e9"},"content":{"rendered":"<p>L\u2019appel \u00e0 mettre fin aux guerres fratricides lanc\u00e9 par le Pr\u00e9sident centrafricain, Faustin-Archange Touad\u00e9ra, le 13 ao\u00fbt dernier \u00e0 l\u2019occasion du 64e anniversaire de l\u2019ind\u00e9pendance de son pays, va-t-il faire de l\u2019effet ? Si ce message n\u2019a manifestement pas eu un \u00e9cho favorable aupr\u00e8s des groupes arm\u00e9s en lutte contre le pouvoir en place, il suscite de l\u2019espoir dans un pays abonn\u00e9 aux guerres civiles. Un leader rebelle et pas des moindres, le patron de l\u2019Union pour la paix en Centrafrique (UPC), Ali Darassa, pr\u00e9sum\u00e9 auteur de nombreux crimes et exactions contre les civils et de trafic d\u2019armes, semble partager la vision du chef de l\u2019Etat centrafricain. Apr\u00e8s avoir affich\u00e9 son intention de cesser les hostilit\u00e9s sur l\u2019ensemble du territoire centrafricain, le maitre \u00e0 penser de l\u2019UPC a d\u00e9p\u00each\u00e9 un \u00e9missaire aupr\u00e8s du ministre charg\u00e9 du D\u00e9sarmement, de la D\u00e9mobilisation, R\u00e9int\u00e9gration et Rapatriement (DDRR), Jean Willybiro Sako. Le porte-voix de l\u2019UPC a \u00e9t\u00e9 on ne peut plus clair sur les intentions de son chef : \u00ab Ali Darassa a compris l\u2019ampleur de la situation. Il s\u2019engage \u00e0 mettre ses soldats \u00e0 la disposition du gouvernement. Ils seront d\u00e9sarm\u00e9s et r\u00e9ins\u00e9r\u00e9s dans la vie active.<\/p>\n<p>Nous avons longtemps fait la guerre, il est donc temps de faire la paix, de penser \u00e0 la reconstruction et au d\u00e9veloppement de notre pays \u00bb. La d\u00e9marche d\u2019Ali Darassa est salutaire \u00e0 bien des \u00e9gards, mais encore faut-il attendre de voir l\u2019aboutissement des pourparlers, pour juger sur pi\u00e8ce. D\u2019ores et d\u00e9j\u00e0, ce seigneur de guerre semble faire chemin seul, puisqu\u2019il a \u00e9t\u00e9 d\u00e9savou\u00e9 et exclu de la Coalition des patriotes pour le changement (CPC), dirig\u00e9 par l\u2019ancien Pr\u00e9sident centrafricain, Fran\u00e7ois Boziz\u00e9. En mettant \u00e0 l\u2019\u00e9cart ce responsable d\u2019un des six groupes arm\u00e9s de la CPC, Boziz\u00e9 r\u00e9affirme son hostilit\u00e9 \u00e0 l\u2019\u00e9gard du r\u00e9gime Touadera, lui qui fait des mains et des pieds pour revenir aux affaires, apr\u00e8s son renversement en 2013. M\u00eame s\u2019il faut sacrifier la paix pour satisfaire ce d\u00e9sir, l\u2019ex-chef de l\u2019Etat centrafricain, refugi\u00e9 un temps au Tchad voisin avant de poser ses valises en Guin\u00e9e-Bissau sous la pression de la communaut\u00e9 internationale est pr\u00eat \u00e0 tout. Cette attitude est tr\u00e8s d\u00e9plorable, venant de la part d\u2019un septuag\u00e9naire et ancien grand serviteur de la Centrafrique qui devait faire preuve de sagesse, en travaillant plut\u00f4t \u00e0 renforcer les acquis qu\u2019\u00e0 mettre le pays \u00e0 genou. Au lieu de passer le temps \u00e0 ruminer son d\u00e9part du pouvoir et \u00e0 paraitre comme un diable, Boziz\u00e9, sur qui p\u00e8se d\u2019ailleurs un mandat d\u2019arr\u00eat international pour de pr\u00e9sum\u00e9s crimes, doit revoir sa copie. Il devrait \u00eatre le chef de file des b\u00e2tisseurs et non celui des ennemis de la Nation centrafricaine.<\/p>\n<p>Depuis son accession \u00e0 l\u2019ind\u00e9pendance en 1960, la Centrafrique a connu des crises politico-militaires qui ont d\u00e9truit de nombreuses vies et compromis s\u00e9rieusement son d\u00e9veloppement. La situation actuelle de cet Etat, dont le sous-sol est pourtant l\u2019un des plus riches au monde avec des minerais rares comme l\u2019uranium, le p\u00e9trole, le gaz naturel et autres, enl\u00e8ve le sourire. La preuve que l\u2019interminable ins\u00e9curit\u00e9 est un frein \u00e0 l\u2019\u00e9panouissement des Centrafricains et de leur pays. \u00ab La guerre apprend \u00e0 tout perdre et \u00e0 devenir ce qu\u2019on n\u2019\u00e9tait pas \u00bb, disait l\u2019\u00e9crivain fran\u00e7ais, Albert Camus. Boziz\u00e9 et tous les groupes arm\u00e9s actifs en terre centrafricaine doivent tirer le\u00e7on de cette triste r\u00e9alit\u00e9 en s\u2019engageant \u00e0 enterrer la hache de guerre. La seule pri\u00e8re qui vaille est qu\u2019ils emboitent le pas \u00e0 Ali Darassa qui est en train de troquer sa tenue de guerre contre celle d\u2019acteur de la paix dans l\u2019int\u00e9r\u00eat sup\u00e9rieur de la Centrafrique.<\/p>\n<p><strong>Kader Patrick KARANTAO<\/strong><\/p>\n<div class=\"td-a-rec td-a-rec-id-content_bottom  tdi_27 td_block_template_1\"><a href=\"https:\/\/www.sidwaya.info\/centrafrique-la-paix-une-necessite\/\"><strong>Source : Sidwaya-info<\/strong><\/a><\/div>\n","protected":false},"excerpt":{"rendered":"<p>L\u2019appel \u00e0 mettre fin aux guerres fratricides lanc\u00e9 par le Pr\u00e9sident centrafricain, Faustin-Archange Touad\u00e9ra, le 13 ao\u00fbt dernier \u00e0 l\u2019occasion du 64e anniversaire de l\u2019ind\u00e9pendance de son pays, va-t-il faire de l\u2019effet ? Si ce message n\u2019a manifestement pas eu un \u00e9cho favorable aupr\u00e8s des groupes arm\u00e9s en lutte contre le pouvoir en place, il [&hellip;]<\/p>\n","protected":false},"author":2,"featured_media":322,"comment_status":"open","ping_status":"open","sticky":false,"template":"","format":"standard","meta":{"advanced_seo_description":"","jetpack_seo_html_title":"","jetpack_seo_noindex":false,"_jetpack_memberships_contains_paid_content":false,"footnotes":"","jetpack_publicize_message":"","jetpack_publicize_feature_enabled":true,"jetpack_social_post_already_shared":false,"jetpack_social_options":{"image_generator_settings":{"template":"highway","default_image_id":0,"font":"","enabled":false},"version":2}},"categories":[7],"tags":[31,29,95],"class_list":{"0":"post-321","1":"post","2":"type-post","3":"status-publish","4":"format-standard","5":"has-post-thumbnail","7":"category-securite","8":"tag-3tv","9":"tag-burkina-faso","10":"tag-paix"},"jetpack_publicize_connections":[],"jetpack_featured_media_url":"https:\/\/i0.wp.com\/www.3tv.bf\/wp-content\/uploads\/2024\/08\/Trait-de-plume-1.jpg?fit=738%2C493&ssl=1","jetpack_shortlink":"https:\/\/wp.me\/pc7wRC-5b","jetpack_sharing_enabled":true,"_links":{"self":[{"href":"https:\/\/www.3tv.bf\/index.php\/wp-json\/wp\/v2\/posts\/321","targetHints":{"allow":["GET"]}}],"collection":[{"href":"https:\/\/www.3tv.bf\/index.php\/wp-json\/wp\/v2\/posts"}],"about":[{"href":"https:\/\/www.3tv.bf\/index.php\/wp-json\/wp\/v2\/types\/post"}],"author":[{"embeddable":true,"href":"https:\/\/www.3tv.bf\/index.php\/wp-json\/wp\/v2\/users\/2"}],"replies":[{"embeddable":true,"href":"https:\/\/www.3tv.bf\/index.php\/wp-json\/wp\/v2\/comments?post=321"}],"version-history":[{"count":0,"href":"https:\/\/www.3tv.bf\/index.php\/wp-json\/wp\/v2\/posts\/321\/revisions"}],"wp:featuredmedia":[{"embeddable":true,"href":"https:\/\/www.3tv.bf\/index.php\/wp-json\/wp\/v2\/media\/322"}],"wp:attachment":[{"href":"https:\/\/www.3tv.bf\/index.php\/wp-json\/wp\/v2\/media?parent=321"}],"wp:term":[{"taxonomy":"category","embeddable":true,"href":"https:\/\/www.3tv.bf\/index.php\/wp-json\/wp\/v2\/categories?post=321"},{"taxonomy":"post_tag","embeddable":true,"href":"https:\/\/www.3tv.bf\/index.php\/wp-json\/wp\/v2\/tags?post=321"}],"curies":[{"name":"wp","href":"https:\/\/api.w.org\/{rel}","templated":true}]}}