{"id":2850,"date":"2026-09-01T17:28:41","date_gmt":"2026-09-01T15:28:41","guid":{"rendered":"https:\/\/www.3tv.bf\/?p=2850"},"modified":"2026-09-01T17:31:59","modified_gmt":"2026-09-01T15:31:59","slug":"burkina-elle-vendait-du-mais-braise-pour-financer-ses-etudes-le-premier-ministre-lui-offre-une-moto","status":"publish","type":"post","link":"https:\/\/www.3tv.bf\/index.php\/2026\/09\/01\/burkina-elle-vendait-du-mais-braise-pour-financer-ses-etudes-le-premier-ministre-lui-offre-une-moto\/","title":{"rendered":"Burkina: Elle vendait du ma\u00efs brais\u00e9 pour financer ses \u00e9tudes\u2026 le Premier ministre lui offre une moto"},"content":{"rendered":"<div class=\"xdj266r x14z9mp xat24cr x1lziwak x1vvkbs x126k92a\">\n<div dir=\"auto\">\n<div class=\"xdj266r x14z9mp xat24cr x1lziwak x1vvkbs x126k92a\">\n<div dir=\"auto\"><strong><span class=\"html-span xexx8yu xyri2b x18d9i69 x1c1uobl x1hl2dhg x16tdsg8 x1vvkbs x3nfvp2 x1j61x8r x1fcty0u xdj266r xat24cr xm2jcoa x1mpyi22 xxymvpz xlup9mm x1kky2od\">Vous vous souvenez certainement de cette image : le Premier ministre burkinab\u00e8, Jean Emmanuel Ou\u00e9draogo, aux c\u00f4t\u00e9s de la jeune B\u00e9n\u00e9wend\u00e9, rencontr\u00e9e fortuitement alors qu\u2019elle vendait du ma\u00efs brais\u00e9 au bord de la route.<\/span><\/strong><\/div>\n<div dir=\"auto\"><\/div>\n<\/div>\n<div class=\"x14z9mp xat24cr x1lziwak x1vvkbs xtlvy1s x126k92a\">\n<div dir=\"auto\">Derri\u00e8re son fourneau, se trouvait une \u00e9tudiante en 3e ann\u00e9e de Sciences de la vie et de la Terre (SVT). Pour subvenir \u00e0 ses besoins et poursuivre ses \u00e9tudes, la jeune femme avait choisi de travailler, sans complexe et sans renoncer \u00e0 sa dignit\u00e9.<\/div>\n<div dir=\"auto\">Une attitude qui a retenu l\u2019attention du Chef du gouvernement.<\/div>\n<div dir=\"auto\"><\/div>\n<\/div>\n<div class=\"x14z9mp xat24cr x1lziwak x1vvkbs xtlvy1s x126k92a\">\n<div dir=\"auto\">Ce mardi 1er septembre 2026, le Premier ministre est revenu vers elle avec un geste fort : une moto.<\/div>\n<\/div>\n<div class=\"x14z9mp xat24cr x1lziwak x1vvkbs xtlvy1s x126k92a\">\n<div dir=\"auto\">L&rsquo;objectif est faciliter ses d\u00e9placements, notamment entre son domicile et l\u2019universit\u00e9, et lui permettre de poursuivre son parcours acad\u00e9mique dans de meilleures conditions.<\/div>\n<div dir=\"auto\"><\/div>\n<\/div>\n<div class=\"x14z9mp xat24cr x1lziwak x1vvkbs xtlvy1s x126k92a\">\n<div dir=\"auto\">\u00ab Tu incarnes ces trois valeurs \u00bb, lui a-t-il expliqu\u00e9, en faisant r\u00e9f\u00e9rence \u00e0 l\u2019humilit\u00e9, la soif de connaissance et le refus de la facilit\u00e9, des valeurs ch\u00e8res au pr\u00e9sident du Faso.<\/div>\n<\/div>\n<\/div>\n<\/div>\n","protected":false},"excerpt":{"rendered":"<p>Vous vous souvenez certainement de cette image : le Premier ministre burkinab\u00e8, Jean Emmanuel Ou\u00e9draogo, aux c\u00f4t\u00e9s de la jeune B\u00e9n\u00e9wend\u00e9, rencontr\u00e9e fortuitement alors qu\u2019elle vendait du ma\u00efs brais\u00e9 au bord de la route. Derri\u00e8re son fourneau, se trouvait une \u00e9tudiante en 3e ann\u00e9e de Sciences de la vie et de la Terre (SVT). Pour [&hellip;]<\/p>\n","protected":false},"author":13,"featured_media":2851,"comment_status":"open","ping_status":"open","sticky":false,"template":"","format":"standard","meta":{"advanced_seo_description":"","jetpack_seo_html_title":"","jetpack_seo_noindex":false,"jetpack_seo_schema_type":"","_jetpack_newsletter_access":"","_jetpack_dont_email_post_to_subs":false,"_jetpack_newsletter_tier_id":0,"_jetpack_memberships_contains_paywalled_content":false,"_jetpack_feature_clip_id":0,"_jetpack_memberships_contains_paid_content":false,"footnotes":"","jetpack_publicize_message":"","jetpack_publicize_feature_enabled":true,"jetpack_social_post_already_shared":true,"jetpack_social_options":{"image_generator_settings":{"template":"highway","default_image_id":0,"font":"","enabled":false},"version":2},"jetpack_post_was_ever_published":false},"categories":[5],"tags":[],"class_list":["post-2850","post","type-post","status-publish","format-standard","has-post-thumbnail","category-societe"],"jetpack_publicize_connections":[],"jetpack_shortlink":"https:\/\/wp.me\/pc7wRC-JY","jetpack_sharing_enabled":true,"jetpack_featured_media_url":"https:\/\/i0.wp.com\/www.3tv.bf\/wp-content\/uploads\/2026\/09\/Premier-ministre.webp?fit=1080%2C985&ssl=1","_links":{"self":[{"href":"https:\/\/www.3tv.bf\/index.php\/wp-json\/wp\/v2\/posts\/2850","targetHints":{"allow":["GET"]}}],"collection":[{"href":"https:\/\/www.3tv.bf\/index.php\/wp-json\/wp\/v2\/posts"}],"about":[{"href":"https:\/\/www.3tv.bf\/index.php\/wp-json\/wp\/v2\/types\/post"}],"author":[{"embeddable":true,"href":"https:\/\/www.3tv.bf\/index.php\/wp-json\/wp\/v2\/users\/13"}],"replies":[{"embeddable":true,"href":"https:\/\/www.3tv.bf\/index.php\/wp-json\/wp\/v2\/comments?post=2850"}],"version-history":[{"count":2,"href":"https:\/\/www.3tv.bf\/index.php\/wp-json\/wp\/v2\/posts\/2850\/revisions"}],"predecessor-version":[{"id":2853,"href":"https:\/\/www.3tv.bf\/index.php\/wp-json\/wp\/v2\/posts\/2850\/revisions\/2853"}],"wp:featuredmedia":[{"embeddable":true,"href":"https:\/\/www.3tv.bf\/index.php\/wp-json\/wp\/v2\/media\/2851"}],"wp:attachment":[{"href":"https:\/\/www.3tv.bf\/index.php\/wp-json\/wp\/v2\/media?parent=2850"}],"wp:term":[{"taxonomy":"category","embeddable":true,"href":"https:\/\/www.3tv.bf\/index.php\/wp-json\/wp\/v2\/categories?post=2850"},{"taxonomy":"post_tag","embeddable":true,"href":"https:\/\/www.3tv.bf\/index.php\/wp-json\/wp\/v2\/tags?post=2850"}],"curies":[{"name":"wp","href":"https:\/\/api.w.org\/{rel}","templated":true}]}}