{"id":242,"date":"2024-08-14T00:52:46","date_gmt":"2024-08-13T22:52:46","guid":{"rendered":"https:\/\/www.3tv.bf\/?p=242"},"modified":"2024-08-17T00:59:24","modified_gmt":"2024-08-16T22:59:24","slug":"independance-energetique-le-burkina-cree-une-agence-de-lenergie-atomique","status":"publish","type":"post","link":"https:\/\/www.3tv.bf\/index.php\/2024\/08\/14\/independance-energetique-le-burkina-cree-une-agence-de-lenergie-atomique\/","title":{"rendered":"Ind\u00e9pendance \u00e9nerg\u00e9tique : le Burkina cr\u00e9e une Agence de l\u2019Energie Atomique"},"content":{"rendered":"<p>(Ouagadougou, 14 ao\u00fbt 2024). Le Pr\u00e9sident du Faso, Chef de l\u2019Etat, le Capitaine Ibrahim TRAORE a pr\u00e9sid\u00e9, ce mercredi, le Conseil des Ministres. Selon le ministre d\u2019Etat, porte-parole du gouvernement, Jean Emmanuel OUEDRAOGO, le Conseil a examin\u00e9 plusieurs rapports et pris d\u2019importantes d\u00e9cisions pour la bonne marche de la Nation.<\/p>\n<p>Au titre de la Pr\u00e9sidence du Faso, le Conseil a adopt\u00e9 un d\u00e9cret portant cr\u00e9ation, attribution, organisation et fonctionnement de l\u2019Agence burkinab\u00e8 de l\u2019Energie atomique (ABEA). Le ministre d\u2019Etat, porte-parole du Gouvernement, Jean Emmanuel OUEDRAOGO a affirm\u00e9 que le Chef de l\u2019\u00c9tat a \u00ab clairement indiqu\u00e9 que cette r\u00e9alisation va permettre de garantir l\u2019ind\u00e9pendance \u00e9nerg\u00e9tique du Burkina Faso, l\u2019industrialisation du pays et de faciliter l\u2019acc\u00e8s \u00e0 l\u2019\u00e9lectricit\u00e9 partout sur le territoire national \u00bb.<\/p>\n<p>Pour le compte du minist\u00e8re de l\u2019Industrie, du Commerce et de l\u2019Artisanat, le Conseil a adopt\u00e9 deux rapports. Selon le ministre Serge Gnaniodem PODA, le premier rapport comporte deux d\u00e9crets. Le premier consacre le transfert des Villages artisanaux au Salon international de l\u2019Artisanat de Ouagadougou (SIAO). Quant au second d\u00e9cret, il vient consacrer la modification des statuts du SIAO pour prendre en compte les Villages artisanaux qui lui ont \u00e9t\u00e9 transf\u00e9r\u00e9s.<\/p>\n<p>Le deuxi\u00e8me rapport est relatif \u00e0 un d\u00e9cret portant cr\u00e9ation d\u2019une soci\u00e9t\u00e9 d\u2019\u00e9conomie mixte d\u00e9nomm\u00e9e Soci\u00e9t\u00e9 de fabrication et de pose de rails (Faso Rails), dont le si\u00e8ge sera \u00e0 Bobo-Dioulasso. \u00ab La cr\u00e9ation de cette soci\u00e9t\u00e9 entre en droite ligne de la vision de Son Excellence Monsieur le Pr\u00e9sident du Faso, qui a instruit le gouvernement de travailler \u00e0 mettre en place, au niveau national, un r\u00e9seau ferroviaire qui puisse relier les diff\u00e9rents chefs-lieux de province \u00bb, a soutenu le Ministre PODA.<\/p>\n<p>D\u2019un co\u00fbt de r\u00e9alisation d\u2019environ 70 milliards FCFA, la mise en place de la soci\u00e9t\u00e9 est attendue dans 18 mois, avec un capital de 10 milliards FCFA dont 75% d\u00e9tenus par l\u2019Etat et les 25% restants ouverts au secteur priv\u00e9 burkinab\u00e8.<\/p>\n<p>Au titre minist\u00e8re de l\u2019Economie et des Finances, le Conseil a adopt\u00e9 un d\u00e9cret portant modalit\u00e9s de prise en charge des prestations sp\u00e9cifiques des agents publics et des personnes ressources. Selon le ministre Aboubakar NACANABO, \u00ab il s\u2019agit des prestations relatives \u00e0 l\u2019organisation des manifestations d\u2019envergure internationale, des prestations pour lesquelles l\u2019on fait appel \u00e0 des personnes ressources hors de l\u2019administration, des prestations li\u00e9es \u00e0 la formation, \u00e0 tout ce qui est li\u00e9 \u00e0 l\u2019organisation des concours, la prise en charge de certaines activit\u00e9s dans les \u00e9coles professionnelles et les universit\u00e9s \u00bb.<\/p>\n<p>En outre, le Conseil a adopt\u00e9, pour le compte du m\u00eame minist\u00e8re, un d\u00e9cret portant conditions et modalit\u00e9s d\u2019ex\u00e9cution et de r\u00e9tribution des prestations de protection rapproch\u00e9e effectu\u00e9e par le personnel de la Police nationale et de la Gendarmerie nationale au profit des particuliers. Pour le ministre de la S\u00e9curit\u00e9, le Commissaire divisionnaire de Police Mahamadou SANA, ce d\u00e9cret vient non seulement r\u00e8glementer la mati\u00e8re, mais aussi permettre \u00e0 l\u2019Etat d\u2019avoir d\u00e9sormais un contr\u00f4le sur le d\u00e9tachement de ce personnel.<\/p>\n<p>Pour le compte du minist\u00e8re de la Sant\u00e9, le Conseil a marqu\u00e9 son accord pour la gratuit\u00e9 des soins et des services de sant\u00e9 des cliniques mobiles au Burkina Faso. Selon le ministre de la Sant\u00e9, Robert Lucien Jean-Claude KARGOUGOU, l\u2019adoption de ce d\u00e9cret va permettre d\u2019am\u00e9liorer l\u2019accessibilit\u00e9 financi\u00e8re des populations cibles \u00e0 ces services de sant\u00e9. Il a pr\u00e9cis\u00e9 que cette gratuit\u00e9 des soins concerne la mammographie et le d\u00e9pistage des l\u00e9sions pr\u00e9canc\u00e9reuses du col de l\u2019ut\u00e9rus.<\/p>\n<p><a href=\"https:\/\/www.presidencedufaso.bf\/independance-energetique-le-burkina-cree-une-agence-de-lenergie-atomique\/\"><strong>SOURCE :Direction de la Communication de la Pr\u00e9sidence du Faso<\/strong><\/a><\/p>\n","protected":false},"excerpt":{"rendered":"<p>(Ouagadougou, 14 ao\u00fbt 2024). Le Pr\u00e9sident du Faso, Chef de l\u2019Etat, le Capitaine Ibrahim TRAORE a pr\u00e9sid\u00e9, ce mercredi, le Conseil des Ministres. Selon le ministre d\u2019Etat, porte-parole du gouvernement, Jean Emmanuel OUEDRAOGO, le Conseil a examin\u00e9 plusieurs rapports et pris d\u2019importantes d\u00e9cisions pour la bonne marche de la Nation. Au titre de la Pr\u00e9sidence [&hellip;]<\/p>\n","protected":false},"author":2,"featured_media":243,"comment_status":"open","ping_status":"open","sticky":false,"template":"","format":"standard","meta":{"advanced_seo_description":"","jetpack_seo_html_title":"","jetpack_seo_noindex":false,"_jetpack_memberships_contains_paid_content":false,"footnotes":"","jetpack_publicize_message":"","jetpack_publicize_feature_enabled":true,"jetpack_social_post_already_shared":false,"jetpack_social_options":{"image_generator_settings":{"template":"highway","default_image_id":0,"font":"","enabled":false},"version":2}},"categories":[3],"tags":[31,29,32,30],"class_list":{"0":"post-242","1":"post","2":"type-post","3":"status-publish","4":"format-standard","5":"has-post-thumbnail","7":"category-politique","8":"tag-3tv","9":"tag-burkina-faso","10":"tag-developpement","11":"tag-independance-energetique"},"jetpack_publicize_connections":[],"jetpack_featured_media_url":"https:\/\/i0.wp.com\/www.3tv.bf\/wp-content\/uploads\/2024\/08\/WhatsApp-Image-2024-08-14-at-12.04.05-1280x640-1.jpeg?fit=1280%2C640&ssl=1","jetpack_shortlink":"https:\/\/wp.me\/pc7wRC-3U","jetpack_sharing_enabled":true,"_links":{"self":[{"href":"https:\/\/www.3tv.bf\/index.php\/wp-json\/wp\/v2\/posts\/242","targetHints":{"allow":["GET"]}}],"collection":[{"href":"https:\/\/www.3tv.bf\/index.php\/wp-json\/wp\/v2\/posts"}],"about":[{"href":"https:\/\/www.3tv.bf\/index.php\/wp-json\/wp\/v2\/types\/post"}],"author":[{"embeddable":true,"href":"https:\/\/www.3tv.bf\/index.php\/wp-json\/wp\/v2\/users\/2"}],"replies":[{"embeddable":true,"href":"https:\/\/www.3tv.bf\/index.php\/wp-json\/wp\/v2\/comments?post=242"}],"version-history":[{"count":0,"href":"https:\/\/www.3tv.bf\/index.php\/wp-json\/wp\/v2\/posts\/242\/revisions"}],"wp:featuredmedia":[{"embeddable":true,"href":"https:\/\/www.3tv.bf\/index.php\/wp-json\/wp\/v2\/media\/243"}],"wp:attachment":[{"href":"https:\/\/www.3tv.bf\/index.php\/wp-json\/wp\/v2\/media?parent=242"}],"wp:term":[{"taxonomy":"category","embeddable":true,"href":"https:\/\/www.3tv.bf\/index.php\/wp-json\/wp\/v2\/categories?post=242"},{"taxonomy":"post_tag","embeddable":true,"href":"https:\/\/www.3tv.bf\/index.php\/wp-json\/wp\/v2\/tags?post=242"}],"curies":[{"name":"wp","href":"https:\/\/api.w.org\/{rel}","templated":true}]}}