{"id":2166,"date":"2025-09-13T13:44:18","date_gmt":"2025-09-13T11:44:18","guid":{"rendered":"https:\/\/www.3tv.bf\/?p=2166"},"modified":"2025-09-13T13:44:18","modified_gmt":"2025-09-13T11:44:18","slug":"2166","status":"publish","type":"post","link":"https:\/\/www.3tv.bf\/index.php\/2025\/09\/13\/2166\/","title":{"rendered":""},"content":{"rendered":"<p><strong>Cl\u00f4tur\u00e9s le 12 septembre 2025 \u00e0 Ouagadougou par le Ministre d\u2019\u00c9tat Emile ZERBO, les \u00c9tats g\u00e9n\u00e9raux de la d\u00e9centralisation ont d\u00e9bouch\u00e9 sur des recommandations fortes pour renforcer la gouvernance locale au Burkina Faso.<\/strong><\/p>\n<p>&nbsp;<\/p>\n<p>Durant trois jours, 181 participants ont \u00e9chang\u00e9 autour de quatre axes cl\u00e9s : le transfert effectif des comp\u00e9tences, la gouvernance locale et le d\u00e9veloppement endog\u00e8ne, la fonction publique territoriale, ainsi que le financement de la d\u00e9centralisation.<\/p>\n<p><img data-recalc-dims=\"1\" loading=\"lazy\" decoding=\"async\" data-attachment-id=\"2167\" data-permalink=\"https:\/\/www.3tv.bf\/index.php\/2025\/09\/13\/2166\/fb_img_1757758635954\/\" data-orig-file=\"https:\/\/i0.wp.com\/www.3tv.bf\/wp-content\/uploads\/2025\/09\/FB_IMG_1757758635954.jpg?fit=1280%2C853&amp;ssl=1\" data-orig-size=\"1280,853\" data-comments-opened=\"1\" data-image-meta=\"{&quot;aperture&quot;:&quot;0&quot;,&quot;credit&quot;:&quot;&quot;,&quot;camera&quot;:&quot;&quot;,&quot;caption&quot;:&quot;&quot;,&quot;created_timestamp&quot;:&quot;0&quot;,&quot;copyright&quot;:&quot;&quot;,&quot;focal_length&quot;:&quot;0&quot;,&quot;iso&quot;:&quot;0&quot;,&quot;shutter_speed&quot;:&quot;0&quot;,&quot;title&quot;:&quot;&quot;,&quot;orientation&quot;:&quot;0&quot;}\" data-image-title=\"FB_IMG_1757758635954\" data-image-description=\"\" data-image-caption=\"\" data-large-file=\"https:\/\/i0.wp.com\/www.3tv.bf\/wp-content\/uploads\/2025\/09\/FB_IMG_1757758635954.jpg?fit=696%2C464&amp;ssl=1\" class=\"alignnone size-medium wp-image-2167\" src=\"https:\/\/i0.wp.com\/www.3tv.bf\/wp-content\/uploads\/2025\/09\/FB_IMG_1757758635954.jpg?resize=300%2C200&#038;ssl=1\" alt=\"\" width=\"300\" height=\"200\" srcset=\"https:\/\/i0.wp.com\/www.3tv.bf\/wp-content\/uploads\/2025\/09\/FB_IMG_1757758635954.jpg?resize=300%2C200&amp;ssl=1 300w, https:\/\/i0.wp.com\/www.3tv.bf\/wp-content\/uploads\/2025\/09\/FB_IMG_1757758635954.jpg?resize=1024%2C682&amp;ssl=1 1024w, https:\/\/i0.wp.com\/www.3tv.bf\/wp-content\/uploads\/2025\/09\/FB_IMG_1757758635954.jpg?resize=768%2C512&amp;ssl=1 768w, https:\/\/i0.wp.com\/www.3tv.bf\/wp-content\/uploads\/2025\/09\/FB_IMG_1757758635954.jpg?resize=150%2C100&amp;ssl=1 150w, https:\/\/i0.wp.com\/www.3tv.bf\/wp-content\/uploads\/2025\/09\/FB_IMG_1757758635954.jpg?resize=696%2C464&amp;ssl=1 696w, https:\/\/i0.wp.com\/www.3tv.bf\/wp-content\/uploads\/2025\/09\/FB_IMG_1757758635954.jpg?resize=1068%2C712&amp;ssl=1 1068w, https:\/\/i0.wp.com\/www.3tv.bf\/wp-content\/uploads\/2025\/09\/FB_IMG_1757758635954.jpg?w=1280&amp;ssl=1 1280w\" sizes=\"auto, (max-width: 300px) 100vw, 300px\" \/><\/p>\n<p>A l&rsquo;issue des travaux, des recommandations majeures ont \u00e9t\u00e9 adopt\u00e9es pour relancer le processus de d\u00e9centralisation au Burkina Faso, parmi lesquelles:<\/p>\n<p>&nbsp;<\/p>\n<p>\ud83d\udc49\ud83c\udffe <em>le renforcement des services techniques d\u00e9concentr\u00e9s pour mieux accompagner les collectivit\u00e9s ;<\/em><\/p>\n<p>&nbsp;<\/p>\n<p>\ud83d\udc49\ud83c\udffe <em>l\u2019implication du g\u00e9nie militaire dans la r\u00e9alisation d\u2019infrastructures en zones \u00e0 risques<\/em> ;<\/p>\n<p>&nbsp;<\/p>\n<p>\ud83d\udc49\ud83c\udffe <em>la s\u00e9curisation fonci\u00e8re des investissements ;<\/em><\/p>\n<p>&nbsp;<\/p>\n<p>\ud83d\udc49\ud83c\udffe <em>une r\u00e9partition plus \u00e9quitable de la fiscalit\u00e9 entre l\u2019\u00c9tat et les collectivit\u00e9s ;<\/em><\/p>\n<p>&nbsp;<\/p>\n<p>\ud83d\udc49\ud83c\udffe <em>une collaboration renforc\u00e9e avec les Forces de D\u00e9fense et de S\u00e9curit\u00e9 pour une gouvernance locale plus s\u00e9curis\u00e9e<\/em>.<\/p>\n<p><img data-recalc-dims=\"1\" loading=\"lazy\" decoding=\"async\" data-attachment-id=\"2171\" data-permalink=\"https:\/\/www.3tv.bf\/index.php\/2025\/09\/13\/2166\/fb_img_1757758615024\/\" data-orig-file=\"https:\/\/i0.wp.com\/www.3tv.bf\/wp-content\/uploads\/2025\/09\/FB_IMG_1757758615024.jpg?fit=1280%2C853&amp;ssl=1\" data-orig-size=\"1280,853\" data-comments-opened=\"1\" data-image-meta=\"{&quot;aperture&quot;:&quot;0&quot;,&quot;credit&quot;:&quot;&quot;,&quot;camera&quot;:&quot;&quot;,&quot;caption&quot;:&quot;&quot;,&quot;created_timestamp&quot;:&quot;0&quot;,&quot;copyright&quot;:&quot;&quot;,&quot;focal_length&quot;:&quot;0&quot;,&quot;iso&quot;:&quot;0&quot;,&quot;shutter_speed&quot;:&quot;0&quot;,&quot;title&quot;:&quot;&quot;,&quot;orientation&quot;:&quot;0&quot;}\" data-image-title=\"FB_IMG_1757758615024\" data-image-description=\"\" data-image-caption=\"\" data-large-file=\"https:\/\/i0.wp.com\/www.3tv.bf\/wp-content\/uploads\/2025\/09\/FB_IMG_1757758615024.jpg?fit=696%2C464&amp;ssl=1\" class=\"alignnone size-medium wp-image-2171\" src=\"https:\/\/i0.wp.com\/www.3tv.bf\/wp-content\/uploads\/2025\/09\/FB_IMG_1757758615024.jpg?resize=300%2C200&#038;ssl=1\" alt=\"\" width=\"300\" height=\"200\" srcset=\"https:\/\/i0.wp.com\/www.3tv.bf\/wp-content\/uploads\/2025\/09\/FB_IMG_1757758615024.jpg?resize=300%2C200&amp;ssl=1 300w, https:\/\/i0.wp.com\/www.3tv.bf\/wp-content\/uploads\/2025\/09\/FB_IMG_1757758615024.jpg?resize=1024%2C682&amp;ssl=1 1024w, https:\/\/i0.wp.com\/www.3tv.bf\/wp-content\/uploads\/2025\/09\/FB_IMG_1757758615024.jpg?resize=768%2C512&amp;ssl=1 768w, https:\/\/i0.wp.com\/www.3tv.bf\/wp-content\/uploads\/2025\/09\/FB_IMG_1757758615024.jpg?resize=150%2C100&amp;ssl=1 150w, https:\/\/i0.wp.com\/www.3tv.bf\/wp-content\/uploads\/2025\/09\/FB_IMG_1757758615024.jpg?resize=696%2C464&amp;ssl=1 696w, https:\/\/i0.wp.com\/www.3tv.bf\/wp-content\/uploads\/2025\/09\/FB_IMG_1757758615024.jpg?resize=1068%2C712&amp;ssl=1 1068w, https:\/\/i0.wp.com\/www.3tv.bf\/wp-content\/uploads\/2025\/09\/FB_IMG_1757758615024.jpg?w=1280&amp;ssl=1 1280w\" sizes=\"auto, (max-width: 300px) 100vw, 300px\" \/><\/p>\n<p>Dans son discours, le Ministre d\u2019\u00c9tat Emile ZERBO, au nom du Pr\u00e9sident du Faso, le Capitaine Ibrahim TRAORE, a salu\u00e9 l\u2019esprit patriotique des participants et rappel\u00e9 que \u00ab la d\u00e9centralisation doit d\u00e9sormais \u00eatre un levier de r\u00e9silience, de d\u00e9veloppement et de consolidation de l&rsquo;unit\u00e9 nationale \u00bb. Il a insist\u00e9 sur la n\u00e9cessit\u00e9 de transformer les collectivit\u00e9s territoriales en p\u00f4les de stabilit\u00e9, d\u2019innovation et de solidarit\u00e9.<\/p>\n<p><img data-recalc-dims=\"1\" loading=\"lazy\" decoding=\"async\" data-attachment-id=\"2169\" data-permalink=\"https:\/\/www.3tv.bf\/index.php\/2025\/09\/13\/2166\/fb_img_1757758626608\/\" data-orig-file=\"https:\/\/i0.wp.com\/www.3tv.bf\/wp-content\/uploads\/2025\/09\/FB_IMG_1757758626608.jpg?fit=1280%2C853&amp;ssl=1\" data-orig-size=\"1280,853\" data-comments-opened=\"1\" data-image-meta=\"{&quot;aperture&quot;:&quot;0&quot;,&quot;credit&quot;:&quot;&quot;,&quot;camera&quot;:&quot;&quot;,&quot;caption&quot;:&quot;&quot;,&quot;created_timestamp&quot;:&quot;0&quot;,&quot;copyright&quot;:&quot;&quot;,&quot;focal_length&quot;:&quot;0&quot;,&quot;iso&quot;:&quot;0&quot;,&quot;shutter_speed&quot;:&quot;0&quot;,&quot;title&quot;:&quot;&quot;,&quot;orientation&quot;:&quot;0&quot;}\" data-image-title=\"FB_IMG_1757758626608\" data-image-description=\"\" data-image-caption=\"\" data-large-file=\"https:\/\/i0.wp.com\/www.3tv.bf\/wp-content\/uploads\/2025\/09\/FB_IMG_1757758626608.jpg?fit=696%2C464&amp;ssl=1\" class=\"alignnone size-medium wp-image-2169\" src=\"https:\/\/i0.wp.com\/www.3tv.bf\/wp-content\/uploads\/2025\/09\/FB_IMG_1757758626608.jpg?resize=300%2C200&#038;ssl=1\" alt=\"\" width=\"300\" height=\"200\" srcset=\"https:\/\/i0.wp.com\/www.3tv.bf\/wp-content\/uploads\/2025\/09\/FB_IMG_1757758626608.jpg?resize=300%2C200&amp;ssl=1 300w, https:\/\/i0.wp.com\/www.3tv.bf\/wp-content\/uploads\/2025\/09\/FB_IMG_1757758626608.jpg?resize=1024%2C682&amp;ssl=1 1024w, https:\/\/i0.wp.com\/www.3tv.bf\/wp-content\/uploads\/2025\/09\/FB_IMG_1757758626608.jpg?resize=768%2C512&amp;ssl=1 768w, https:\/\/i0.wp.com\/www.3tv.bf\/wp-content\/uploads\/2025\/09\/FB_IMG_1757758626608.jpg?resize=150%2C100&amp;ssl=1 150w, https:\/\/i0.wp.com\/www.3tv.bf\/wp-content\/uploads\/2025\/09\/FB_IMG_1757758626608.jpg?resize=696%2C464&amp;ssl=1 696w, https:\/\/i0.wp.com\/www.3tv.bf\/wp-content\/uploads\/2025\/09\/FB_IMG_1757758626608.jpg?resize=1068%2C712&amp;ssl=1 1068w, https:\/\/i0.wp.com\/www.3tv.bf\/wp-content\/uploads\/2025\/09\/FB_IMG_1757758626608.jpg?w=1280&amp;ssl=1 1280w\" sizes=\"auto, (max-width: 300px) 100vw, 300px\" \/><\/p>\n<p>Le gouvernement s\u2019est engag\u00e9 \u00e0 traduire rapidement ces recommandations en r\u00e9formes concr\u00e8tes et audacieuses, en phase avec la vision de refondation port\u00e9e par les plus hautes autorit\u00e9s.<\/p>\n","protected":false},"excerpt":{"rendered":"<p>Cl\u00f4tur\u00e9s le 12 septembre 2025 \u00e0 Ouagadougou par le Ministre d\u2019\u00c9tat Emile ZERBO, les \u00c9tats g\u00e9n\u00e9raux de la d\u00e9centralisation ont d\u00e9bouch\u00e9 sur des recommandations fortes pour renforcer la gouvernance locale au Burkina Faso. &nbsp; Durant trois jours, 181 participants ont \u00e9chang\u00e9 autour de quatre axes cl\u00e9s : le transfert effectif des comp\u00e9tences, la gouvernance locale [&hellip;]<\/p>\n","protected":false},"author":12,"featured_media":2173,"comment_status":"open","ping_status":"open","sticky":false,"template":"","format":"standard","meta":{"advanced_seo_description":"","jetpack_seo_html_title":"","jetpack_seo_noindex":false,"_jetpack_memberships_contains_paid_content":false,"footnotes":"","jetpack_publicize_message":"","jetpack_publicize_feature_enabled":true,"jetpack_social_post_already_shared":true,"jetpack_social_options":{"image_generator_settings":{"template":"highway","default_image_id":0,"font":"","enabled":false},"version":2}},"categories":[137,3],"tags":[],"class_list":{"0":"post-2166","1":"post","2":"type-post","3":"status-publish","4":"format-standard","5":"has-post-thumbnail","7":"category-la-une","8":"category-politique"},"jetpack_publicize_connections":[],"jetpack_featured_media_url":"https:\/\/i0.wp.com\/www.3tv.bf\/wp-content\/uploads\/2025\/09\/IMG_20250913_114343.jpg?fit=1280%2C654&ssl=1","jetpack_shortlink":"https:\/\/wp.me\/sc7wRC-2166","jetpack_sharing_enabled":true,"_links":{"self":[{"href":"https:\/\/www.3tv.bf\/index.php\/wp-json\/wp\/v2\/posts\/2166","targetHints":{"allow":["GET"]}}],"collection":[{"href":"https:\/\/www.3tv.bf\/index.php\/wp-json\/wp\/v2\/posts"}],"about":[{"href":"https:\/\/www.3tv.bf\/index.php\/wp-json\/wp\/v2\/types\/post"}],"author":[{"embeddable":true,"href":"https:\/\/www.3tv.bf\/index.php\/wp-json\/wp\/v2\/users\/12"}],"replies":[{"embeddable":true,"href":"https:\/\/www.3tv.bf\/index.php\/wp-json\/wp\/v2\/comments?post=2166"}],"version-history":[{"count":1,"href":"https:\/\/www.3tv.bf\/index.php\/wp-json\/wp\/v2\/posts\/2166\/revisions"}],"predecessor-version":[{"id":2174,"href":"https:\/\/www.3tv.bf\/index.php\/wp-json\/wp\/v2\/posts\/2166\/revisions\/2174"}],"wp:featuredmedia":[{"embeddable":true,"href":"https:\/\/www.3tv.bf\/index.php\/wp-json\/wp\/v2\/media\/2173"}],"wp:attachment":[{"href":"https:\/\/www.3tv.bf\/index.php\/wp-json\/wp\/v2\/media?parent=2166"}],"wp:term":[{"taxonomy":"category","embeddable":true,"href":"https:\/\/www.3tv.bf\/index.php\/wp-json\/wp\/v2\/categories?post=2166"},{"taxonomy":"post_tag","embeddable":true,"href":"https:\/\/www.3tv.bf\/index.php\/wp-json\/wp\/v2\/tags?post=2166"}],"curies":[{"name":"wp","href":"https:\/\/api.w.org\/{rel}","templated":true}]}}