{"id":2151,"date":"2025-09-10T15:40:37","date_gmt":"2025-09-10T13:40:37","guid":{"rendered":"https:\/\/www.3tv.bf\/?p=2151"},"modified":"2025-09-10T15:40:37","modified_gmt":"2025-09-10T13:40:37","slug":"etats-generaux-de-la-decentralisation-le-burkina-faso-en-quete-dun-nouveau-modele-de-gouvernance-locale","status":"publish","type":"post","link":"https:\/\/www.3tv.bf\/index.php\/2025\/09\/10\/etats-generaux-de-la-decentralisation-le-burkina-faso-en-quete-dun-nouveau-modele-de-gouvernance-locale\/","title":{"rendered":"\u00c9tats g\u00e9n\u00e9raux de la d\u00e9centralisation : Le Burkina Faso en qu\u00eate d\u2019un nouveau mod\u00e8le de gouvernance locale"},"content":{"rendered":"<p><strong>Le Premier ministre Rimtalba Jean Emmanuel Ou\u00e9draogo a lanc\u00e9, le mercredi 10 septembre 2025 \u00e0 Ouagadougou, les \u00c9tats g\u00e9n\u00e9raux de la d\u00e9centralisation. Pr\u00e9vue jusqu\u2019au 12 septembre, cette rencontre nationale se d\u00e9roule autour du th\u00e8me : \u00ab Quelle d\u00e9centralisation pour un d\u00e9veloppement local et une meilleure contribution \u00e0 la s\u00e9curisation du territoire \u00bb.<\/strong><\/p>\n<p><img data-recalc-dims=\"1\" loading=\"lazy\" decoding=\"async\" data-attachment-id=\"2154\" data-permalink=\"https:\/\/www.3tv.bf\/index.php\/2025\/09\/10\/etats-generaux-de-la-decentralisation-le-burkina-faso-en-quete-dun-nouveau-modele-de-gouvernance-locale\/img-20250910-wa0079\/\" data-orig-file=\"https:\/\/i0.wp.com\/www.3tv.bf\/wp-content\/uploads\/2025\/09\/IMG-20250910-WA0079.jpg?fit=1080%2C674&amp;ssl=1\" data-orig-size=\"1080,674\" data-comments-opened=\"1\" data-image-meta=\"{&quot;aperture&quot;:&quot;0&quot;,&quot;credit&quot;:&quot;&quot;,&quot;camera&quot;:&quot;&quot;,&quot;caption&quot;:&quot;&quot;,&quot;created_timestamp&quot;:&quot;0&quot;,&quot;copyright&quot;:&quot;&quot;,&quot;focal_length&quot;:&quot;0&quot;,&quot;iso&quot;:&quot;0&quot;,&quot;shutter_speed&quot;:&quot;0&quot;,&quot;title&quot;:&quot;&quot;,&quot;orientation&quot;:&quot;0&quot;}\" data-image-title=\"IMG-20250910-WA0079\" data-image-description=\"\" data-image-caption=\"\" data-large-file=\"https:\/\/i0.wp.com\/www.3tv.bf\/wp-content\/uploads\/2025\/09\/IMG-20250910-WA0079.jpg?fit=696%2C434&amp;ssl=1\" class=\"alignnone size-medium wp-image-2154\" src=\"https:\/\/i0.wp.com\/www.3tv.bf\/wp-content\/uploads\/2025\/09\/IMG-20250910-WA0079.jpg?resize=300%2C187&#038;ssl=1\" alt=\"\" width=\"300\" height=\"187\" srcset=\"https:\/\/i0.wp.com\/www.3tv.bf\/wp-content\/uploads\/2025\/09\/IMG-20250910-WA0079.jpg?resize=300%2C187&amp;ssl=1 300w, https:\/\/i0.wp.com\/www.3tv.bf\/wp-content\/uploads\/2025\/09\/IMG-20250910-WA0079.jpg?resize=1024%2C639&amp;ssl=1 1024w, https:\/\/i0.wp.com\/www.3tv.bf\/wp-content\/uploads\/2025\/09\/IMG-20250910-WA0079.jpg?resize=768%2C479&amp;ssl=1 768w, https:\/\/i0.wp.com\/www.3tv.bf\/wp-content\/uploads\/2025\/09\/IMG-20250910-WA0079.jpg?resize=150%2C94&amp;ssl=1 150w, https:\/\/i0.wp.com\/www.3tv.bf\/wp-content\/uploads\/2025\/09\/IMG-20250910-WA0079.jpg?resize=696%2C434&amp;ssl=1 696w, https:\/\/i0.wp.com\/www.3tv.bf\/wp-content\/uploads\/2025\/09\/IMG-20250910-WA0079.jpg?resize=1068%2C667&amp;ssl=1 1068w, https:\/\/i0.wp.com\/www.3tv.bf\/wp-content\/uploads\/2025\/09\/IMG-20250910-WA0079.jpg?w=1080&amp;ssl=1 1080w\" sizes=\"auto, (max-width: 300px) 100vw, 300px\" \/><\/p>\n<p>Ces assises, qui font suite \u00e0 des consultations r\u00e9gionales dans les 13 r\u00e9gions du pays, visent \u00e0 proposer des r\u00e9formes adapt\u00e9es aux r\u00e9alit\u00e9s sociopolitiques et s\u00e9curitaires. L\u2019objectif est de renforcer l\u2019efficacit\u00e9 des collectivit\u00e9s territoriales et d\u2019am\u00e9liorer les conditions de vie des populations.<\/p>\n<p><img data-recalc-dims=\"1\" loading=\"lazy\" decoding=\"async\" data-attachment-id=\"2152\" data-permalink=\"https:\/\/www.3tv.bf\/index.php\/2025\/09\/10\/etats-generaux-de-la-decentralisation-le-burkina-faso-en-quete-dun-nouveau-modele-de-gouvernance-locale\/img-20250910-wa0077\/\" data-orig-file=\"https:\/\/i0.wp.com\/www.3tv.bf\/wp-content\/uploads\/2025\/09\/IMG-20250910-WA0077.jpg?fit=1080%2C667&amp;ssl=1\" data-orig-size=\"1080,667\" data-comments-opened=\"1\" data-image-meta=\"{&quot;aperture&quot;:&quot;0&quot;,&quot;credit&quot;:&quot;&quot;,&quot;camera&quot;:&quot;&quot;,&quot;caption&quot;:&quot;&quot;,&quot;created_timestamp&quot;:&quot;0&quot;,&quot;copyright&quot;:&quot;&quot;,&quot;focal_length&quot;:&quot;0&quot;,&quot;iso&quot;:&quot;0&quot;,&quot;shutter_speed&quot;:&quot;0&quot;,&quot;title&quot;:&quot;&quot;,&quot;orientation&quot;:&quot;0&quot;}\" data-image-title=\"IMG-20250910-WA0077\" data-image-description=\"\" data-image-caption=\"\" data-large-file=\"https:\/\/i0.wp.com\/www.3tv.bf\/wp-content\/uploads\/2025\/09\/IMG-20250910-WA0077.jpg?fit=696%2C430&amp;ssl=1\" class=\"alignnone size-medium wp-image-2152\" src=\"https:\/\/i0.wp.com\/www.3tv.bf\/wp-content\/uploads\/2025\/09\/IMG-20250910-WA0077.jpg?resize=300%2C185&#038;ssl=1\" alt=\"\" width=\"300\" height=\"185\" srcset=\"https:\/\/i0.wp.com\/www.3tv.bf\/wp-content\/uploads\/2025\/09\/IMG-20250910-WA0077.jpg?resize=300%2C185&amp;ssl=1 300w, https:\/\/i0.wp.com\/www.3tv.bf\/wp-content\/uploads\/2025\/09\/IMG-20250910-WA0077.jpg?resize=1024%2C632&amp;ssl=1 1024w, https:\/\/i0.wp.com\/www.3tv.bf\/wp-content\/uploads\/2025\/09\/IMG-20250910-WA0077.jpg?resize=768%2C474&amp;ssl=1 768w, https:\/\/i0.wp.com\/www.3tv.bf\/wp-content\/uploads\/2025\/09\/IMG-20250910-WA0077.jpg?resize=150%2C93&amp;ssl=1 150w, https:\/\/i0.wp.com\/www.3tv.bf\/wp-content\/uploads\/2025\/09\/IMG-20250910-WA0077.jpg?resize=696%2C430&amp;ssl=1 696w, https:\/\/i0.wp.com\/www.3tv.bf\/wp-content\/uploads\/2025\/09\/IMG-20250910-WA0077.jpg?resize=1068%2C660&amp;ssl=1 1068w, https:\/\/i0.wp.com\/www.3tv.bf\/wp-content\/uploads\/2025\/09\/IMG-20250910-WA0077.jpg?w=1080&amp;ssl=1 1080w\" sizes=\"auto, (max-width: 300px) 100vw, 300px\" \/><\/p>\n<p>Dans son discours d\u2019ouverture, le Premier ministre a relev\u00e9 les limites du syst\u00e8me actuel, dont la faible capacit\u00e9 des collectivit\u00e9s \u00e0 exercer leurs comp\u00e9tences, la faible implication citoyenne et l&rsquo;insuffisante cr\u00e9ation de richesses locales. Il a insist\u00e9 sur la n\u00e9cessit\u00e9 de repenser la gouvernance locale pour la rendre plus inclusive, transparente et adapt\u00e9e aux d\u00e9fis actuels.<\/p>\n<p><img data-recalc-dims=\"1\" loading=\"lazy\" decoding=\"async\" data-attachment-id=\"2153\" data-permalink=\"https:\/\/www.3tv.bf\/index.php\/2025\/09\/10\/etats-generaux-de-la-decentralisation-le-burkina-faso-en-quete-dun-nouveau-modele-de-gouvernance-locale\/img-20250910-wa0080\/\" data-orig-file=\"https:\/\/i0.wp.com\/www.3tv.bf\/wp-content\/uploads\/2025\/09\/IMG-20250910-WA0080.jpg?fit=1080%2C707&amp;ssl=1\" data-orig-size=\"1080,707\" data-comments-opened=\"1\" data-image-meta=\"{&quot;aperture&quot;:&quot;0&quot;,&quot;credit&quot;:&quot;&quot;,&quot;camera&quot;:&quot;&quot;,&quot;caption&quot;:&quot;&quot;,&quot;created_timestamp&quot;:&quot;0&quot;,&quot;copyright&quot;:&quot;&quot;,&quot;focal_length&quot;:&quot;0&quot;,&quot;iso&quot;:&quot;0&quot;,&quot;shutter_speed&quot;:&quot;0&quot;,&quot;title&quot;:&quot;&quot;,&quot;orientation&quot;:&quot;0&quot;}\" data-image-title=\"IMG-20250910-WA0080\" data-image-description=\"\" data-image-caption=\"\" data-large-file=\"https:\/\/i0.wp.com\/www.3tv.bf\/wp-content\/uploads\/2025\/09\/IMG-20250910-WA0080.jpg?fit=696%2C455&amp;ssl=1\" class=\"alignnone size-medium wp-image-2153\" src=\"https:\/\/i0.wp.com\/www.3tv.bf\/wp-content\/uploads\/2025\/09\/IMG-20250910-WA0080.jpg?resize=300%2C196&#038;ssl=1\" alt=\"\" width=\"300\" height=\"196\" srcset=\"https:\/\/i0.wp.com\/www.3tv.bf\/wp-content\/uploads\/2025\/09\/IMG-20250910-WA0080.jpg?resize=300%2C196&amp;ssl=1 300w, https:\/\/i0.wp.com\/www.3tv.bf\/wp-content\/uploads\/2025\/09\/IMG-20250910-WA0080.jpg?resize=1024%2C670&amp;ssl=1 1024w, https:\/\/i0.wp.com\/www.3tv.bf\/wp-content\/uploads\/2025\/09\/IMG-20250910-WA0080.jpg?resize=768%2C503&amp;ssl=1 768w, https:\/\/i0.wp.com\/www.3tv.bf\/wp-content\/uploads\/2025\/09\/IMG-20250910-WA0080.jpg?resize=150%2C98&amp;ssl=1 150w, https:\/\/i0.wp.com\/www.3tv.bf\/wp-content\/uploads\/2025\/09\/IMG-20250910-WA0080.jpg?resize=696%2C456&amp;ssl=1 696w, https:\/\/i0.wp.com\/www.3tv.bf\/wp-content\/uploads\/2025\/09\/IMG-20250910-WA0080.jpg?resize=1068%2C699&amp;ssl=1 1068w, https:\/\/i0.wp.com\/www.3tv.bf\/wp-content\/uploads\/2025\/09\/IMG-20250910-WA0080.jpg?w=1080&amp;ssl=1 1080w\" sizes=\"auto, (max-width: 300px) 100vw, 300px\" \/><\/p>\n<p>Ces \u00c9tats g\u00e9n\u00e9raux, inscrits dans le pilier 3 du Plan d\u2019Action pour la Stabilisation et le D\u00e9veloppement (PASD), devraient ouvrir la voie \u00e0 un mod\u00e8le de d\u00e9centralisation plus r\u00e9silient, contribuant \u00e0 la fois au d\u00e9veloppement et \u00e0 la s\u00e9curisation du territoire.<\/p>\n","protected":false},"excerpt":{"rendered":"<p>Le Premier ministre Rimtalba Jean Emmanuel Ou\u00e9draogo a lanc\u00e9, le mercredi 10 septembre 2025 \u00e0 Ouagadougou, les \u00c9tats g\u00e9n\u00e9raux de la d\u00e9centralisation. Pr\u00e9vue jusqu\u2019au 12 septembre, cette rencontre nationale se d\u00e9roule autour du th\u00e8me : \u00ab Quelle d\u00e9centralisation pour un d\u00e9veloppement local et une meilleure contribution \u00e0 la s\u00e9curisation du territoire \u00bb. Ces assises, qui [&hellip;]<\/p>\n","protected":false},"author":12,"featured_media":2156,"comment_status":"open","ping_status":"open","sticky":false,"template":"","format":"standard","meta":{"advanced_seo_description":"","jetpack_seo_html_title":"","jetpack_seo_noindex":false,"_jetpack_memberships_contains_paid_content":false,"footnotes":"","jetpack_publicize_message":"","jetpack_publicize_feature_enabled":true,"jetpack_social_post_already_shared":true,"jetpack_social_options":{"image_generator_settings":{"template":"highway","default_image_id":0,"font":"","enabled":false},"version":2}},"categories":[137,3,5],"tags":[],"class_list":{"0":"post-2151","1":"post","2":"type-post","3":"status-publish","4":"format-standard","5":"has-post-thumbnail","7":"category-la-une","8":"category-politique","9":"category-societe"},"jetpack_publicize_connections":[],"jetpack_featured_media_url":"https:\/\/i0.wp.com\/www.3tv.bf\/wp-content\/uploads\/2025\/09\/IMG_20250910_134010.jpg?fit=1080%2C510&ssl=1","jetpack_shortlink":"https:\/\/wp.me\/pc7wRC-yH","jetpack_sharing_enabled":true,"_links":{"self":[{"href":"https:\/\/www.3tv.bf\/index.php\/wp-json\/wp\/v2\/posts\/2151","targetHints":{"allow":["GET"]}}],"collection":[{"href":"https:\/\/www.3tv.bf\/index.php\/wp-json\/wp\/v2\/posts"}],"about":[{"href":"https:\/\/www.3tv.bf\/index.php\/wp-json\/wp\/v2\/types\/post"}],"author":[{"embeddable":true,"href":"https:\/\/www.3tv.bf\/index.php\/wp-json\/wp\/v2\/users\/12"}],"replies":[{"embeddable":true,"href":"https:\/\/www.3tv.bf\/index.php\/wp-json\/wp\/v2\/comments?post=2151"}],"version-history":[{"count":1,"href":"https:\/\/www.3tv.bf\/index.php\/wp-json\/wp\/v2\/posts\/2151\/revisions"}],"predecessor-version":[{"id":2157,"href":"https:\/\/www.3tv.bf\/index.php\/wp-json\/wp\/v2\/posts\/2151\/revisions\/2157"}],"wp:featuredmedia":[{"embeddable":true,"href":"https:\/\/www.3tv.bf\/index.php\/wp-json\/wp\/v2\/media\/2156"}],"wp:attachment":[{"href":"https:\/\/www.3tv.bf\/index.php\/wp-json\/wp\/v2\/media?parent=2151"}],"wp:term":[{"taxonomy":"category","embeddable":true,"href":"https:\/\/www.3tv.bf\/index.php\/wp-json\/wp\/v2\/categories?post=2151"},{"taxonomy":"post_tag","embeddable":true,"href":"https:\/\/www.3tv.bf\/index.php\/wp-json\/wp\/v2\/tags?post=2151"}],"curies":[{"name":"wp","href":"https:\/\/api.w.org\/{rel}","templated":true}]}}