{"id":2006,"date":"2025-07-04T14:44:59","date_gmt":"2025-07-04T12:44:59","guid":{"rendered":"https:\/\/www.3tv.bf\/?p=2006"},"modified":"2025-07-04T14:44:59","modified_gmt":"2025-07-04T12:44:59","slug":"burkina-faso-le-gouvernement-revoque-lautorisation-dexercer-de-quatre-ong-etrangeres","status":"publish","type":"post","link":"https:\/\/www.3tv.bf\/index.php\/2025\/07\/04\/burkina-faso-le-gouvernement-revoque-lautorisation-dexercer-de-quatre-ong-etrangeres\/","title":{"rendered":"Burkina Faso : Le gouvernement r\u00e9voque l\u2019autorisation d\u2019exercer de quatre ONG \u00e9trang\u00e8res"},"content":{"rendered":"<p><strong>Le minist\u00e8re de l\u2019Administration territoriale et de la d\u00e9centralisation annonce la r\u00e9vocation de l\u2019autorisation d\u2019exercer de quatre organisations non gouvernementales (ONG) \u00e9trang\u00e8res, pour non-respect des obligations l\u00e9gales en vigueur au Burkina Faso.<\/strong><\/p>\n<p>&nbsp;<\/p>\n<p>Selon un communiqu\u00e9 officiel, les ONG concern\u00e9es sont :<\/p>\n<p>&nbsp;<\/p>\n<p><em><strong>Coalition Internationale des Chr\u00e9tiens Hommes, Femmes d\u2019Affaires et D\u00e9cideurs (CICHFD) ;<\/strong><\/em><\/p>\n<p>&nbsp;<\/p>\n<p><em><strong>Associazione don Bartolomeo Del Gaudio pro Africa Ente Del Terzo Settore (ETS) ;<\/strong><\/em><\/p>\n<p>&nbsp;<\/p>\n<p><em><strong>DIGNITY \u2013 Institut danois contre la torture ;<\/strong><\/em><\/p>\n<p>&nbsp;<\/p>\n<p><em><strong>Alliance pour une Mine Responsable-Europe (ARM Europe).<\/strong><\/em><\/p>\n<p>&nbsp;<\/p>\n<p>Le motif \u00e9voqu\u00e9 est l\u2019absence de signature de la convention d\u2019\u00e9tablissement, une exigence r\u00e9glementaire obligatoire pour toute organisation internationale souhaitant mener des activit\u00e9s sur le territoire Burkinab\u00e8.<\/p>\n<p>&nbsp;<\/p>\n<p>Le minist\u00e8re souligne que cette mesure s\u2019inscrit dans une volont\u00e9 de mise en conformit\u00e9 des partenaires techniques et humanitaires avec les textes nationaux et vise aussi \u00e0 garantir la transparence, la responsabilit\u00e9 et la coordination des actions men\u00e9es par les acteurs \u00e9trangers.<\/p>\n<p>&nbsp;<\/p>\n<p>En rappel, la communaut\u00e9 \u00a0\u00bbSan Egidio\u00a0\u00bb a \u00e9t\u00e9 suspendue pour 3 mois au Burkina Faso, en d\u00e9but de semaine, pour avoir effectu\u00e9 une collecte de donn\u00e9es \u00e0 caract\u00e8re personnel sur le territoire Burkinab\u00e8 et leur h\u00e9bergement \u00e0 l&rsquo;\u00e9tranger.<\/p>\n","protected":false},"excerpt":{"rendered":"<p>Le minist\u00e8re de l\u2019Administration territoriale et de la d\u00e9centralisation annonce la r\u00e9vocation de l\u2019autorisation d\u2019exercer de quatre organisations non gouvernementales (ONG) \u00e9trang\u00e8res, pour non-respect des obligations l\u00e9gales en vigueur au Burkina Faso. &nbsp; Selon un communiqu\u00e9 officiel, les ONG concern\u00e9es sont : &nbsp; Coalition Internationale des Chr\u00e9tiens Hommes, Femmes d\u2019Affaires et D\u00e9cideurs (CICHFD) ; &nbsp; [&hellip;]<\/p>\n","protected":false},"author":12,"featured_media":2007,"comment_status":"open","ping_status":"open","sticky":false,"template":"","format":"standard","meta":{"advanced_seo_description":"","jetpack_seo_html_title":"","jetpack_seo_noindex":false,"_jetpack_memberships_contains_paid_content":false,"footnotes":"","jetpack_publicize_message":"","jetpack_publicize_feature_enabled":true,"jetpack_social_post_already_shared":true,"jetpack_social_options":{"image_generator_settings":{"template":"highway","default_image_id":0,"font":"","enabled":false},"version":2}},"categories":[3,5],"tags":[],"class_list":{"0":"post-2006","1":"post","2":"type-post","3":"status-publish","4":"format-standard","5":"has-post-thumbnail","7":"category-politique","8":"category-societe"},"jetpack_publicize_connections":[],"jetpack_featured_media_url":"https:\/\/i0.wp.com\/www.3tv.bf\/wp-content\/uploads\/2025\/07\/FB_IMG_1751633069310.jpg?fit=1024%2C733&ssl=1","jetpack_shortlink":"https:\/\/wp.me\/pc7wRC-wm","jetpack_sharing_enabled":true,"_links":{"self":[{"href":"https:\/\/www.3tv.bf\/index.php\/wp-json\/wp\/v2\/posts\/2006","targetHints":{"allow":["GET"]}}],"collection":[{"href":"https:\/\/www.3tv.bf\/index.php\/wp-json\/wp\/v2\/posts"}],"about":[{"href":"https:\/\/www.3tv.bf\/index.php\/wp-json\/wp\/v2\/types\/post"}],"author":[{"embeddable":true,"href":"https:\/\/www.3tv.bf\/index.php\/wp-json\/wp\/v2\/users\/12"}],"replies":[{"embeddable":true,"href":"https:\/\/www.3tv.bf\/index.php\/wp-json\/wp\/v2\/comments?post=2006"}],"version-history":[{"count":1,"href":"https:\/\/www.3tv.bf\/index.php\/wp-json\/wp\/v2\/posts\/2006\/revisions"}],"predecessor-version":[{"id":2008,"href":"https:\/\/www.3tv.bf\/index.php\/wp-json\/wp\/v2\/posts\/2006\/revisions\/2008"}],"wp:featuredmedia":[{"embeddable":true,"href":"https:\/\/www.3tv.bf\/index.php\/wp-json\/wp\/v2\/media\/2007"}],"wp:attachment":[{"href":"https:\/\/www.3tv.bf\/index.php\/wp-json\/wp\/v2\/media?parent=2006"}],"wp:term":[{"taxonomy":"category","embeddable":true,"href":"https:\/\/www.3tv.bf\/index.php\/wp-json\/wp\/v2\/categories?post=2006"},{"taxonomy":"post_tag","embeddable":true,"href":"https:\/\/www.3tv.bf\/index.php\/wp-json\/wp\/v2\/tags?post=2006"}],"curies":[{"name":"wp","href":"https:\/\/api.w.org\/{rel}","templated":true}]}}