{"id":1851,"date":"2025-04-16T18:33:53","date_gmt":"2025-04-16T16:33:53","guid":{"rendered":"https:\/\/www.3tv.bf\/?p=1851"},"modified":"2025-04-16T19:33:05","modified_gmt":"2025-04-16T17:33:05","slug":"compte-rendu-conseil-des-ministres-du-16-avril-2025-recrutement-de-2000-sous-officiers-au-profit-de-police-nationale","status":"publish","type":"post","link":"https:\/\/www.3tv.bf\/index.php\/2025\/04\/16\/compte-rendu-conseil-des-ministres-du-16-avril-2025-recrutement-de-2000-sous-officiers-au-profit-de-police-nationale\/","title":{"rendered":"COMPTE-RENDU DU CONSEIL DES MINISTRES DU 16 AVRIL 2025 : Recrutement de 2000 sous-officiers au profit de Police nationale."},"content":{"rendered":"<p><img data-recalc-dims=\"1\" loading=\"lazy\" decoding=\"async\" data-attachment-id=\"1853\" data-permalink=\"https:\/\/www.3tv.bf\/index.php\/2025\/04\/16\/compte-rendu-conseil-des-ministres-du-16-avril-2025-recrutement-de-2000-sous-officiers-au-profit-de-police-nationale\/491131951_1082646583904153_5988786223635980576_n\/\" data-orig-file=\"https:\/\/i0.wp.com\/www.3tv.bf\/wp-content\/uploads\/2025\/04\/491131951_1082646583904153_5988786223635980576_n.jpg?fit=1266%2C1600&amp;ssl=1\" data-orig-size=\"1266,1600\" data-comments-opened=\"1\" data-image-meta=\"{&quot;aperture&quot;:&quot;0&quot;,&quot;credit&quot;:&quot;&quot;,&quot;camera&quot;:&quot;&quot;,&quot;caption&quot;:&quot;&quot;,&quot;created_timestamp&quot;:&quot;0&quot;,&quot;copyright&quot;:&quot;&quot;,&quot;focal_length&quot;:&quot;0&quot;,&quot;iso&quot;:&quot;0&quot;,&quot;shutter_speed&quot;:&quot;0&quot;,&quot;title&quot;:&quot;&quot;,&quot;orientation&quot;:&quot;0&quot;}\" data-image-title=\"491131951_1082646583904153_5988786223635980576_n\" data-image-description=\"\" data-image-caption=\"\" data-large-file=\"https:\/\/i0.wp.com\/www.3tv.bf\/wp-content\/uploads\/2025\/04\/491131951_1082646583904153_5988786223635980576_n.jpg?fit=696%2C880&amp;ssl=1\" class=\"size-medium wp-image-1853 alignright\" src=\"https:\/\/i0.wp.com\/www.3tv.bf\/wp-content\/uploads\/2025\/04\/491131951_1082646583904153_5988786223635980576_n.jpg?resize=237%2C300&#038;ssl=1\" alt=\"\" width=\"237\" height=\"300\" srcset=\"https:\/\/i0.wp.com\/www.3tv.bf\/wp-content\/uploads\/2025\/04\/491131951_1082646583904153_5988786223635980576_n.jpg?resize=237%2C300&amp;ssl=1 237w, https:\/\/i0.wp.com\/www.3tv.bf\/wp-content\/uploads\/2025\/04\/491131951_1082646583904153_5988786223635980576_n.jpg?resize=810%2C1024&amp;ssl=1 810w, https:\/\/i0.wp.com\/www.3tv.bf\/wp-content\/uploads\/2025\/04\/491131951_1082646583904153_5988786223635980576_n.jpg?resize=768%2C971&amp;ssl=1 768w, https:\/\/i0.wp.com\/www.3tv.bf\/wp-content\/uploads\/2025\/04\/491131951_1082646583904153_5988786223635980576_n.jpg?resize=1215%2C1536&amp;ssl=1 1215w, https:\/\/i0.wp.com\/www.3tv.bf\/wp-content\/uploads\/2025\/04\/491131951_1082646583904153_5988786223635980576_n.jpg?resize=150%2C190&amp;ssl=1 150w, https:\/\/i0.wp.com\/www.3tv.bf\/wp-content\/uploads\/2025\/04\/491131951_1082646583904153_5988786223635980576_n.jpg?resize=300%2C379&amp;ssl=1 300w, https:\/\/i0.wp.com\/www.3tv.bf\/wp-content\/uploads\/2025\/04\/491131951_1082646583904153_5988786223635980576_n.jpg?resize=696%2C880&amp;ssl=1 696w, https:\/\/i0.wp.com\/www.3tv.bf\/wp-content\/uploads\/2025\/04\/491131951_1082646583904153_5988786223635980576_n.jpg?resize=1068%2C1350&amp;ssl=1 1068w, https:\/\/i0.wp.com\/www.3tv.bf\/wp-content\/uploads\/2025\/04\/491131951_1082646583904153_5988786223635980576_n.jpg?w=1266&amp;ssl=1 1266w\" sizes=\"auto, (max-width: 237px) 100vw, 237px\" \/><\/p>\n<p>Le Pr\u00e9sident du Faso, Chef de l\u2019\u00c9tat, le Capitaine Ibrahim TRAOR\u00c9 a pr\u00e9sid\u00e9 ce mercredi 16 avril 2025, l\u2019hebdomadaire Conseil des ministres. Lors du point fait \u00e0 la presse \u00e0 l\u2019issue des travaux, le ministre Porte-parole du gouvernement, Pingdwend\u00e9 Gilbert OUEDRAOGO a indiqu\u00e9 que plusieurs rapports ont \u00e9t\u00e9 adopt\u00e9s et des d\u00e9cisions importantes prises.<\/p>\n<p>&nbsp;<\/p>\n<p>&nbsp;<\/p>\n<p>&nbsp;<\/p>\n<p><img data-recalc-dims=\"1\" loading=\"lazy\" decoding=\"async\" data-attachment-id=\"1854\" data-permalink=\"https:\/\/www.3tv.bf\/index.php\/2025\/04\/16\/compte-rendu-conseil-des-ministres-du-16-avril-2025-recrutement-de-2000-sous-officiers-au-profit-de-police-nationale\/491489890_1082646643904147_6203085405863289237_n\/\" data-orig-file=\"https:\/\/i0.wp.com\/www.3tv.bf\/wp-content\/uploads\/2025\/04\/491489890_1082646643904147_6203085405863289237_n.jpg?fit=1243%2C1600&amp;ssl=1\" data-orig-size=\"1243,1600\" data-comments-opened=\"1\" data-image-meta=\"{&quot;aperture&quot;:&quot;0&quot;,&quot;credit&quot;:&quot;&quot;,&quot;camera&quot;:&quot;&quot;,&quot;caption&quot;:&quot;&quot;,&quot;created_timestamp&quot;:&quot;0&quot;,&quot;copyright&quot;:&quot;&quot;,&quot;focal_length&quot;:&quot;0&quot;,&quot;iso&quot;:&quot;0&quot;,&quot;shutter_speed&quot;:&quot;0&quot;,&quot;title&quot;:&quot;&quot;,&quot;orientation&quot;:&quot;0&quot;}\" data-image-title=\"491489890_1082646643904147_6203085405863289237_n\" data-image-description=\"\" data-image-caption=\"\" data-large-file=\"https:\/\/i0.wp.com\/www.3tv.bf\/wp-content\/uploads\/2025\/04\/491489890_1082646643904147_6203085405863289237_n.jpg?fit=696%2C895&amp;ssl=1\" class=\"size-medium wp-image-1854 alignleft\" src=\"https:\/\/i0.wp.com\/www.3tv.bf\/wp-content\/uploads\/2025\/04\/491489890_1082646643904147_6203085405863289237_n.jpg?resize=233%2C300&#038;ssl=1\" alt=\"\" width=\"233\" height=\"300\" srcset=\"https:\/\/i0.wp.com\/www.3tv.bf\/wp-content\/uploads\/2025\/04\/491489890_1082646643904147_6203085405863289237_n.jpg?resize=233%2C300&amp;ssl=1 233w, https:\/\/i0.wp.com\/www.3tv.bf\/wp-content\/uploads\/2025\/04\/491489890_1082646643904147_6203085405863289237_n.jpg?resize=796%2C1024&amp;ssl=1 796w, https:\/\/i0.wp.com\/www.3tv.bf\/wp-content\/uploads\/2025\/04\/491489890_1082646643904147_6203085405863289237_n.jpg?resize=768%2C989&amp;ssl=1 768w, https:\/\/i0.wp.com\/www.3tv.bf\/wp-content\/uploads\/2025\/04\/491489890_1082646643904147_6203085405863289237_n.jpg?resize=1193%2C1536&amp;ssl=1 1193w, https:\/\/i0.wp.com\/www.3tv.bf\/wp-content\/uploads\/2025\/04\/491489890_1082646643904147_6203085405863289237_n.jpg?resize=150%2C193&amp;ssl=1 150w, https:\/\/i0.wp.com\/www.3tv.bf\/wp-content\/uploads\/2025\/04\/491489890_1082646643904147_6203085405863289237_n.jpg?resize=300%2C386&amp;ssl=1 300w, https:\/\/i0.wp.com\/www.3tv.bf\/wp-content\/uploads\/2025\/04\/491489890_1082646643904147_6203085405863289237_n.jpg?resize=696%2C896&amp;ssl=1 696w, https:\/\/i0.wp.com\/www.3tv.bf\/wp-content\/uploads\/2025\/04\/491489890_1082646643904147_6203085405863289237_n.jpg?resize=1068%2C1375&amp;ssl=1 1068w, https:\/\/i0.wp.com\/www.3tv.bf\/wp-content\/uploads\/2025\/04\/491489890_1082646643904147_6203085405863289237_n.jpg?w=1243&amp;ssl=1 1243w\" sizes=\"auto, (max-width: 233px) 100vw, 233px\" \/>-Au titre du minist\u00e8re de l\u2019Enseignement sup\u00e9rieur, de la Recherche et de l\u2019Innovation, le Conseil a adopt\u00e9 un d\u00e9cret portant d\u00e9claration d\u2019utilit\u00e9 publique urgente, le projet de construction d\u2019une Unit\u00e9 de Formation et de Recherche en Sciences et Techniques (UFR\/ST) et d\u2019une cit\u00e9 universitaire pour le Centre universitaire de Dori.<\/p>\n<p>Selon le ministre charg\u00e9 de l\u2019Enseignement sup\u00e9rieur, Pr Adjima THIOMBIANO, le Burkina Faso de concert avec des partenaires, a obtenu un financement pour la construction d\u2019une UFR\/ST et d\u2019une cit\u00e9 au Centre universitaire de Dori.<\/p>\n<p>&nbsp;<\/p>\n<p style=\"text-align: center;\">\u00ab Ce financement a \u00e9t\u00e9 obtenu depuis 2020, un site avait \u00e9t\u00e9 identifi\u00e9, mais force est de constater que jusqu\u2019\u00e0 ce jour, les travaux n\u2019ont pas pu commencer du fait de l\u2019indisponibilit\u00e9 de ce site. Malgr\u00e9 les nombreuses discussions et n\u00e9gociations qui s\u2019en sont suivies, le site reste toujours inaccessible pour l\u2019\u00e9rection des diff\u00e9rentes infrastructures \u00bb, explique le ministre charg\u00e9 de l\u2019Enseignement sup\u00e9rieur, Pr Adjima THIOMBIANO.<\/p>\n<p>&nbsp;<\/p>\n<p>Recrutement de 2000 Hommes au profit de la Police nationale<\/p>\n<p><img data-recalc-dims=\"1\" loading=\"lazy\" decoding=\"async\" data-attachment-id=\"1856\" data-permalink=\"https:\/\/www.3tv.bf\/index.php\/2025\/04\/16\/compte-rendu-conseil-des-ministres-du-16-avril-2025-recrutement-de-2000-sous-officiers-au-profit-de-police-nationale\/491907866_1082646710570807_8818375427225758274_n\/\" data-orig-file=\"https:\/\/i0.wp.com\/www.3tv.bf\/wp-content\/uploads\/2025\/04\/491907866_1082646710570807_8818375427225758274_n.jpg?fit=1239%2C1600&amp;ssl=1\" data-orig-size=\"1239,1600\" data-comments-opened=\"1\" data-image-meta=\"{&quot;aperture&quot;:&quot;0&quot;,&quot;credit&quot;:&quot;&quot;,&quot;camera&quot;:&quot;&quot;,&quot;caption&quot;:&quot;&quot;,&quot;created_timestamp&quot;:&quot;0&quot;,&quot;copyright&quot;:&quot;&quot;,&quot;focal_length&quot;:&quot;0&quot;,&quot;iso&quot;:&quot;0&quot;,&quot;shutter_speed&quot;:&quot;0&quot;,&quot;title&quot;:&quot;&quot;,&quot;orientation&quot;:&quot;0&quot;}\" data-image-title=\"491907866_1082646710570807_8818375427225758274_n\" data-image-description=\"\" data-image-caption=\"\" data-large-file=\"https:\/\/i0.wp.com\/www.3tv.bf\/wp-content\/uploads\/2025\/04\/491907866_1082646710570807_8818375427225758274_n.jpg?fit=696%2C899&amp;ssl=1\" class=\"size-medium wp-image-1856 alignright\" src=\"https:\/\/i0.wp.com\/www.3tv.bf\/wp-content\/uploads\/2025\/04\/491907866_1082646710570807_8818375427225758274_n.jpg?resize=232%2C300&#038;ssl=1\" alt=\"\" width=\"232\" height=\"300\" srcset=\"https:\/\/i0.wp.com\/www.3tv.bf\/wp-content\/uploads\/2025\/04\/491907866_1082646710570807_8818375427225758274_n.jpg?resize=232%2C300&amp;ssl=1 232w, https:\/\/i0.wp.com\/www.3tv.bf\/wp-content\/uploads\/2025\/04\/491907866_1082646710570807_8818375427225758274_n.jpg?resize=793%2C1024&amp;ssl=1 793w, https:\/\/i0.wp.com\/www.3tv.bf\/wp-content\/uploads\/2025\/04\/491907866_1082646710570807_8818375427225758274_n.jpg?resize=768%2C992&amp;ssl=1 768w, https:\/\/i0.wp.com\/www.3tv.bf\/wp-content\/uploads\/2025\/04\/491907866_1082646710570807_8818375427225758274_n.jpg?resize=1189%2C1536&amp;ssl=1 1189w, https:\/\/i0.wp.com\/www.3tv.bf\/wp-content\/uploads\/2025\/04\/491907866_1082646710570807_8818375427225758274_n.jpg?resize=150%2C194&amp;ssl=1 150w, https:\/\/i0.wp.com\/www.3tv.bf\/wp-content\/uploads\/2025\/04\/491907866_1082646710570807_8818375427225758274_n.jpg?resize=300%2C387&amp;ssl=1 300w, https:\/\/i0.wp.com\/www.3tv.bf\/wp-content\/uploads\/2025\/04\/491907866_1082646710570807_8818375427225758274_n.jpg?resize=696%2C899&amp;ssl=1 696w, https:\/\/i0.wp.com\/www.3tv.bf\/wp-content\/uploads\/2025\/04\/491907866_1082646710570807_8818375427225758274_n.jpg?resize=1068%2C1379&amp;ssl=1 1068w, https:\/\/i0.wp.com\/www.3tv.bf\/wp-content\/uploads\/2025\/04\/491907866_1082646710570807_8818375427225758274_n.jpg?w=1239&amp;ssl=1 1239w\" sizes=\"auto, (max-width: 232px) 100vw, 232px\" \/>-Pour le compte du minist\u00e8re de la S\u00e9curit\u00e9, le Conseil a adopt\u00e9 un rapport relatif \u00e0 une demande d\u2019autorisation de recrutement sur concours directs et professionnels au profit de la Police nationale. Selon le ministre de la S\u00e9curit\u00e9, le Commissaire divisionnaire de Police Mahamadou SANA, son d\u00e9partement va recruter au titre de 2025, sur concours professionnels 20 commissaires de police et 60 officiers de police.<\/p>\n<p>&nbsp;<\/p>\n<p>&nbsp;<\/p>\n<p style=\"text-align: center;\">Pour les concours directs, ce sont 10 commissaires et 10 officiers de police, avec des qualifications sp\u00e9cifiques qui seront recrut\u00e9s. De m\u00eame, 2000 sous-officiers dont 50 de sexe f\u00e9minin seront admis dans les rangs de la police nationale, avec un quota r\u00e9serv\u00e9 aux Volontaires pour la d\u00e9fense de la Patrie (VDP), aux Volontaires adjoints de s\u00e9curit\u00e9 (VADS) et aux femmes des Forces de D\u00e9fense et S\u00e9curit\u00e9 tomb\u00e9es au front.<\/p>\n<p>&nbsp;<\/p>\n<p>Le monopole du Laboratoire national des b\u00e2timents et des travaux publics lev\u00e9<\/p>\n<p>&nbsp;<\/p>\n<p style=\"text-align: center;\"><img data-recalc-dims=\"1\" loading=\"lazy\" decoding=\"async\" data-attachment-id=\"1852\" data-permalink=\"https:\/\/www.3tv.bf\/index.php\/2025\/04\/16\/compte-rendu-conseil-des-ministres-du-16-avril-2025-recrutement-de-2000-sous-officiers-au-profit-de-police-nationale\/490983544_1082646790570799_1941249578112375760_n\/\" data-orig-file=\"https:\/\/i0.wp.com\/www.3tv.bf\/wp-content\/uploads\/2025\/04\/490983544_1082646790570799_1941249578112375760_n.jpg?fit=1502%2C1600&amp;ssl=1\" data-orig-size=\"1502,1600\" data-comments-opened=\"1\" data-image-meta=\"{&quot;aperture&quot;:&quot;0&quot;,&quot;credit&quot;:&quot;&quot;,&quot;camera&quot;:&quot;&quot;,&quot;caption&quot;:&quot;&quot;,&quot;created_timestamp&quot;:&quot;0&quot;,&quot;copyright&quot;:&quot;&quot;,&quot;focal_length&quot;:&quot;0&quot;,&quot;iso&quot;:&quot;0&quot;,&quot;shutter_speed&quot;:&quot;0&quot;,&quot;title&quot;:&quot;&quot;,&quot;orientation&quot;:&quot;0&quot;}\" data-image-title=\"490983544_1082646790570799_1941249578112375760_n\" data-image-description=\"\" data-image-caption=\"\" data-large-file=\"https:\/\/i0.wp.com\/www.3tv.bf\/wp-content\/uploads\/2025\/04\/490983544_1082646790570799_1941249578112375760_n.jpg?fit=696%2C742&amp;ssl=1\" class=\"size-medium wp-image-1852 alignleft\" src=\"https:\/\/i0.wp.com\/www.3tv.bf\/wp-content\/uploads\/2025\/04\/490983544_1082646790570799_1941249578112375760_n.jpg?resize=282%2C300&#038;ssl=1\" alt=\"\" width=\"282\" height=\"300\" srcset=\"https:\/\/i0.wp.com\/www.3tv.bf\/wp-content\/uploads\/2025\/04\/490983544_1082646790570799_1941249578112375760_n.jpg?resize=282%2C300&amp;ssl=1 282w, https:\/\/i0.wp.com\/www.3tv.bf\/wp-content\/uploads\/2025\/04\/490983544_1082646790570799_1941249578112375760_n.jpg?resize=961%2C1024&amp;ssl=1 961w, https:\/\/i0.wp.com\/www.3tv.bf\/wp-content\/uploads\/2025\/04\/490983544_1082646790570799_1941249578112375760_n.jpg?resize=768%2C818&amp;ssl=1 768w, https:\/\/i0.wp.com\/www.3tv.bf\/wp-content\/uploads\/2025\/04\/490983544_1082646790570799_1941249578112375760_n.jpg?resize=1442%2C1536&amp;ssl=1 1442w, https:\/\/i0.wp.com\/www.3tv.bf\/wp-content\/uploads\/2025\/04\/490983544_1082646790570799_1941249578112375760_n.jpg?resize=150%2C160&amp;ssl=1 150w, https:\/\/i0.wp.com\/www.3tv.bf\/wp-content\/uploads\/2025\/04\/490983544_1082646790570799_1941249578112375760_n.jpg?resize=300%2C320&amp;ssl=1 300w, https:\/\/i0.wp.com\/www.3tv.bf\/wp-content\/uploads\/2025\/04\/490983544_1082646790570799_1941249578112375760_n.jpg?resize=696%2C741&amp;ssl=1 696w, https:\/\/i0.wp.com\/www.3tv.bf\/wp-content\/uploads\/2025\/04\/490983544_1082646790570799_1941249578112375760_n.jpg?resize=1068%2C1138&amp;ssl=1 1068w, https:\/\/i0.wp.com\/www.3tv.bf\/wp-content\/uploads\/2025\/04\/490983544_1082646790570799_1941249578112375760_n.jpg?w=1502&amp;ssl=1 1502w, https:\/\/i0.wp.com\/www.3tv.bf\/wp-content\/uploads\/2025\/04\/490983544_1082646790570799_1941249578112375760_n.jpg?w=1392&amp;ssl=1 1392w\" sizes=\"auto, (max-width: 282px) 100vw, 282px\" \/>-Au titre du minist\u00e8re des Infrastructures et du D\u00e9senclavement, le Conseil a adopt\u00e9 un projet de loi portant r\u00e8glementation de l\u2019exercice de m\u00e9tier de laboratoire et des travaux publics.<\/p>\n<p style=\"text-align: center;\">\u00ab Ce nouveau projet de loi a pour but de lever le monopole du Laboratoire national des b\u00e2timents et des travaux publics (LNBTP) en vue d\u2019entrer dans la dynamique de la mise en \u0153uvre des engagements de l\u2019\u00c9tat, de soutenir les diff\u00e9rentes initiatives pr\u00e9sidentielles et faire face aux nombreuses sollicitations \u00bb, souligne le ministre charg\u00e9 des Infrastructures, Adama Luc SORGHO.<\/p>\n<p>&nbsp;<\/p>\n<p>En termes d\u2019innovations, le ministre SORGHO cite l\u2019ouverture de certaines activit\u00e9s de Laboratoire au secteur priv\u00e9, l\u2019institution de l\u2019agr\u00e9ment technique pour la r\u00e9alisation des travaux et activit\u00e9s de laboratoire et la cr\u00e9ation d\u2019un organe de r\u00e9gulation des activit\u00e9s des laboratoires du secteur du b\u00e2timent et des travaux publics.<\/p>\n<p>&nbsp;<\/p>\n<p>Direction de la Communication de la Pr\u00e9sidence du Faso<\/p>\n<p>&nbsp;<\/p>\n","protected":false},"excerpt":{"rendered":"<p>Le Pr\u00e9sident du Faso, Chef de l\u2019\u00c9tat, le Capitaine Ibrahim TRAOR\u00c9 a pr\u00e9sid\u00e9 ce mercredi 16 avril 2025, l\u2019hebdomadaire Conseil des ministres. Lors du point fait \u00e0 la presse \u00e0 l\u2019issue des travaux, le ministre Porte-parole du gouvernement, Pingdwend\u00e9 Gilbert OUEDRAOGO a indiqu\u00e9 que plusieurs rapports ont \u00e9t\u00e9 adopt\u00e9s et des d\u00e9cisions importantes prises. &nbsp; [&hellip;]<\/p>\n","protected":false},"author":16,"featured_media":1858,"comment_status":"open","ping_status":"open","sticky":false,"template":"","format":"standard","meta":{"advanced_seo_description":"","jetpack_seo_html_title":"","jetpack_seo_noindex":false,"_jetpack_memberships_contains_paid_content":false,"footnotes":"","jetpack_publicize_message":"","jetpack_publicize_feature_enabled":true,"jetpack_social_post_already_shared":true,"jetpack_social_options":{"image_generator_settings":{"template":"highway","default_image_id":0,"font":"","enabled":false},"version":2}},"categories":[3],"tags":[],"class_list":{"0":"post-1851","1":"post","2":"type-post","3":"status-publish","4":"format-standard","5":"has-post-thumbnail","7":"category-politique"},"jetpack_publicize_connections":[],"jetpack_featured_media_url":"https:\/\/i0.wp.com\/www.3tv.bf\/wp-content\/uploads\/2025\/04\/491807866_1082490917253053_2109036235943311270_n-1.jpg?fit=1600%2C1067&ssl=1","jetpack_shortlink":"https:\/\/wp.me\/pc7wRC-tR","jetpack_sharing_enabled":true,"_links":{"self":[{"href":"https:\/\/www.3tv.bf\/index.php\/wp-json\/wp\/v2\/posts\/1851","targetHints":{"allow":["GET"]}}],"collection":[{"href":"https:\/\/www.3tv.bf\/index.php\/wp-json\/wp\/v2\/posts"}],"about":[{"href":"https:\/\/www.3tv.bf\/index.php\/wp-json\/wp\/v2\/types\/post"}],"author":[{"embeddable":true,"href":"https:\/\/www.3tv.bf\/index.php\/wp-json\/wp\/v2\/users\/16"}],"replies":[{"embeddable":true,"href":"https:\/\/www.3tv.bf\/index.php\/wp-json\/wp\/v2\/comments?post=1851"}],"version-history":[{"count":4,"href":"https:\/\/www.3tv.bf\/index.php\/wp-json\/wp\/v2\/posts\/1851\/revisions"}],"predecessor-version":[{"id":1862,"href":"https:\/\/www.3tv.bf\/index.php\/wp-json\/wp\/v2\/posts\/1851\/revisions\/1862"}],"wp:featuredmedia":[{"embeddable":true,"href":"https:\/\/www.3tv.bf\/index.php\/wp-json\/wp\/v2\/media\/1858"}],"wp:attachment":[{"href":"https:\/\/www.3tv.bf\/index.php\/wp-json\/wp\/v2\/media?parent=1851"}],"wp:term":[{"taxonomy":"category","embeddable":true,"href":"https:\/\/www.3tv.bf\/index.php\/wp-json\/wp\/v2\/categories?post=1851"},{"taxonomy":"post_tag","embeddable":true,"href":"https:\/\/www.3tv.bf\/index.php\/wp-json\/wp\/v2\/tags?post=1851"}],"curies":[{"name":"wp","href":"https:\/\/api.w.org\/{rel}","templated":true}]}}