{"id":1770,"date":"2025-04-02T21:44:14","date_gmt":"2025-04-02T19:44:14","guid":{"rendered":"https:\/\/www.3tv.bf\/?p=1770"},"modified":"2025-04-02T23:35:18","modified_gmt":"2025-04-02T21:35:18","slug":"cndh-la-presidente-alida-da-recoit-le-prix-mondial-femme-de-courage-2025","status":"publish","type":"post","link":"https:\/\/www.3tv.bf\/index.php\/2025\/04\/02\/cndh-la-presidente-alida-da-recoit-le-prix-mondial-femme-de-courage-2025\/","title":{"rendered":"CNDH : La Pr\u00e9sidente Alida DA re\u00e7oit le prix mondial \u00ab Femme de courage \u00bb 2025"},"content":{"rendered":"<p>&nbsp;<\/p>\n<p>La Pr\u00e9sidente de la Commission nationale des droits humains (#CNDH), Gonta Alida Henriette DA, a re\u00e7u ce mardi 1er avril 2025 le prestigieux prix mondial \u00ab\u00a0Femme de courage\u00a0\u00bb d\u00e9cern\u00e9 par American Women for International Understanding (#AWIU) en collaboration avec le d\u00e9partement d&rsquo;\u00c9tat am\u00e9ricain.<\/p>\n<p><img data-recalc-dims=\"1\" loading=\"lazy\" decoding=\"async\" data-attachment-id=\"1774\" data-permalink=\"https:\/\/www.3tv.bf\/index.php\/2025\/04\/02\/cndh-la-presidente-alida-da-recoit-le-prix-mondial-femme-de-courage-2025\/whatsapp-image-2025-04-02-at-19-17-41\/\" data-orig-file=\"https:\/\/i0.wp.com\/www.3tv.bf\/wp-content\/uploads\/2025\/04\/WhatsApp-Image-2025-04-02-at-19.17.41.jpeg?fit=820%2C1095&amp;ssl=1\" data-orig-size=\"820,1095\" data-comments-opened=\"1\" data-image-meta=\"{&quot;aperture&quot;:&quot;0&quot;,&quot;credit&quot;:&quot;&quot;,&quot;camera&quot;:&quot;&quot;,&quot;caption&quot;:&quot;&quot;,&quot;created_timestamp&quot;:&quot;0&quot;,&quot;copyright&quot;:&quot;&quot;,&quot;focal_length&quot;:&quot;0&quot;,&quot;iso&quot;:&quot;0&quot;,&quot;shutter_speed&quot;:&quot;0&quot;,&quot;title&quot;:&quot;&quot;,&quot;orientation&quot;:&quot;0&quot;}\" data-image-title=\"WhatsApp Image 2025-04-02 at 19.17.41\" data-image-description=\"\" data-image-caption=\"\" data-large-file=\"https:\/\/i0.wp.com\/www.3tv.bf\/wp-content\/uploads\/2025\/04\/WhatsApp-Image-2025-04-02-at-19.17.41.jpeg?fit=696%2C929&amp;ssl=1\" class=\"size-medium wp-image-1774 aligncenter\" src=\"https:\/\/i0.wp.com\/www.3tv.bf\/wp-content\/uploads\/2025\/04\/WhatsApp-Image-2025-04-02-at-19.17.41.jpeg?resize=225%2C300&#038;ssl=1\" alt=\"\" width=\"225\" height=\"300\" srcset=\"https:\/\/i0.wp.com\/www.3tv.bf\/wp-content\/uploads\/2025\/04\/WhatsApp-Image-2025-04-02-at-19.17.41.jpeg?resize=225%2C300&amp;ssl=1 225w, https:\/\/i0.wp.com\/www.3tv.bf\/wp-content\/uploads\/2025\/04\/WhatsApp-Image-2025-04-02-at-19.17.41.jpeg?resize=767%2C1024&amp;ssl=1 767w, https:\/\/i0.wp.com\/www.3tv.bf\/wp-content\/uploads\/2025\/04\/WhatsApp-Image-2025-04-02-at-19.17.41.jpeg?resize=768%2C1026&amp;ssl=1 768w, https:\/\/i0.wp.com\/www.3tv.bf\/wp-content\/uploads\/2025\/04\/WhatsApp-Image-2025-04-02-at-19.17.41.jpeg?resize=150%2C200&amp;ssl=1 150w, https:\/\/i0.wp.com\/www.3tv.bf\/wp-content\/uploads\/2025\/04\/WhatsApp-Image-2025-04-02-at-19.17.41.jpeg?resize=300%2C401&amp;ssl=1 300w, https:\/\/i0.wp.com\/www.3tv.bf\/wp-content\/uploads\/2025\/04\/WhatsApp-Image-2025-04-02-at-19.17.41.jpeg?resize=696%2C929&amp;ssl=1 696w, https:\/\/i0.wp.com\/www.3tv.bf\/wp-content\/uploads\/2025\/04\/WhatsApp-Image-2025-04-02-at-19.17.41.jpeg?w=820&amp;ssl=1 820w\" sizes=\"auto, (max-width: 225px) 100vw, 225px\" \/>Elle a \u00e9t\u00e9 distingu\u00e9e aux c\u00f4t\u00e9s de sept autres femmes engag\u00e9es venant d\u2019Isra\u00ebl, de Papouasie-Nouvelle-Guin\u00e9e, des Philippines, de Roumanie, du Sud-Soudan, du Sri Lanka et du Y\u00e9men, pour son leadership exemplaire dans la d\u00e9fense des droits humains, l\u2019\u00e9galit\u00e9 des femmes et le progr\u00e8s social.<\/p>\n<p>Ce troph\u00e9e lui a \u00e9t\u00e9 remis \u00e0 Washington par Madame TRUMP, en pr\u00e9sence de diplomates et de hautes personnalit\u00e9s am\u00e9ricaines.<\/p>\n<p>En marge de cette distinction, la Pr\u00e9sidente m\u00e8nera des plaidoyers aupr\u00e8s de plusieurs organismes afin de solliciter leur appui dans la mise en \u0153uvre de la politique sectorielle \u00ab\u00a0Justice et droits humains 2018-2027\u00a0\u00bb et du plan strat\u00e9gique 2023-2027 de la #CNDH.<\/p>\n","protected":false},"excerpt":{"rendered":"<p>&nbsp; La Pr\u00e9sidente de la Commission nationale des droits humains (#CNDH), Gonta Alida Henriette DA, a re\u00e7u ce mardi 1er avril 2025 le prestigieux prix mondial \u00ab\u00a0Femme de courage\u00a0\u00bb d\u00e9cern\u00e9 par American Women for International Understanding (#AWIU) en collaboration avec le d\u00e9partement d&rsquo;\u00c9tat am\u00e9ricain. Elle a \u00e9t\u00e9 distingu\u00e9e aux c\u00f4t\u00e9s de sept autres femmes engag\u00e9es [&hellip;]<\/p>\n","protected":false},"author":16,"featured_media":1778,"comment_status":"open","ping_status":"open","sticky":false,"template":"","format":"standard","meta":{"advanced_seo_description":"","jetpack_seo_html_title":"","jetpack_seo_noindex":false,"_jetpack_memberships_contains_paid_content":false,"footnotes":"","jetpack_publicize_message":"","jetpack_publicize_feature_enabled":true,"jetpack_social_post_already_shared":true,"jetpack_social_options":{"image_generator_settings":{"template":"highway","default_image_id":0,"font":"","enabled":false},"version":2}},"categories":[6],"tags":[],"class_list":{"0":"post-1770","1":"post","2":"type-post","3":"status-publish","4":"format-standard","5":"has-post-thumbnail","7":"category-developpement"},"jetpack_publicize_connections":[],"jetpack_featured_media_url":"https:\/\/i0.wp.com\/www.3tv.bf\/wp-content\/uploads\/2025\/04\/WhatsApp-Image-2025-04-02-at-19.17.45.jpeg?fit=1080%2C742&ssl=1","jetpack_shortlink":"https:\/\/wp.me\/pc7wRC-sy","jetpack_sharing_enabled":true,"_links":{"self":[{"href":"https:\/\/www.3tv.bf\/index.php\/wp-json\/wp\/v2\/posts\/1770","targetHints":{"allow":["GET"]}}],"collection":[{"href":"https:\/\/www.3tv.bf\/index.php\/wp-json\/wp\/v2\/posts"}],"about":[{"href":"https:\/\/www.3tv.bf\/index.php\/wp-json\/wp\/v2\/types\/post"}],"author":[{"embeddable":true,"href":"https:\/\/www.3tv.bf\/index.php\/wp-json\/wp\/v2\/users\/16"}],"replies":[{"embeddable":true,"href":"https:\/\/www.3tv.bf\/index.php\/wp-json\/wp\/v2\/comments?post=1770"}],"version-history":[{"count":5,"href":"https:\/\/www.3tv.bf\/index.php\/wp-json\/wp\/v2\/posts\/1770\/revisions"}],"predecessor-version":[{"id":1784,"href":"https:\/\/www.3tv.bf\/index.php\/wp-json\/wp\/v2\/posts\/1770\/revisions\/1784"}],"wp:featuredmedia":[{"embeddable":true,"href":"https:\/\/www.3tv.bf\/index.php\/wp-json\/wp\/v2\/media\/1778"}],"wp:attachment":[{"href":"https:\/\/www.3tv.bf\/index.php\/wp-json\/wp\/v2\/media?parent=1770"}],"wp:term":[{"taxonomy":"category","embeddable":true,"href":"https:\/\/www.3tv.bf\/index.php\/wp-json\/wp\/v2\/categories?post=1770"},{"taxonomy":"post_tag","embeddable":true,"href":"https:\/\/www.3tv.bf\/index.php\/wp-json\/wp\/v2\/tags?post=1770"}],"curies":[{"name":"wp","href":"https:\/\/api.w.org\/{rel}","templated":true}]}}