{"id":1749,"date":"2025-03-27T17:40:55","date_gmt":"2025-03-27T16:40:55","guid":{"rendered":"https:\/\/www.3tv.bf\/?p=1749"},"modified":"2025-03-27T17:40:55","modified_gmt":"2025-03-27T16:40:55","slug":"developpement-de-la-filiere-lait-la-societe-kosam-operationnelle","status":"publish","type":"post","link":"https:\/\/www.3tv.bf\/index.php\/2025\/03\/27\/developpement-de-la-filiere-lait-la-societe-kosam-operationnelle\/","title":{"rendered":"DEVELOPPEMENT DE LA FILIERE LAIT : La soci\u00e9t\u00e9 Kosam op\u00e9rationnelle."},"content":{"rendered":"<p>Le Premier ministre, Rimtalba Jean Emmanuel Ou\u00e9draogo, a proc\u00e9d\u00e9, ce jeudi 27 mars 2025 \u00e0 Ouagadougou, au lancement officiel des activit\u00e9s de la nouvelle soci\u00e9t\u00e9 d\u2019\u00c9tat d\u00e9nomm\u00e9e Faso Kosam.<\/p>\n<p style=\"text-align: center;\"><img data-recalc-dims=\"1\" loading=\"lazy\" decoding=\"async\" data-attachment-id=\"1731\" data-permalink=\"https:\/\/www.3tv.bf\/fb_img_1743091506586\/\" data-orig-file=\"https:\/\/i0.wp.com\/www.3tv.bf\/wp-content\/uploads\/2025\/03\/FB_IMG_1743091506586.jpg?fit=720%2C503&amp;ssl=1\" data-orig-size=\"720,503\" data-comments-opened=\"1\" data-image-meta=\"{&quot;aperture&quot;:&quot;0&quot;,&quot;credit&quot;:&quot;&quot;,&quot;camera&quot;:&quot;&quot;,&quot;caption&quot;:&quot;&quot;,&quot;created_timestamp&quot;:&quot;0&quot;,&quot;copyright&quot;:&quot;&quot;,&quot;focal_length&quot;:&quot;0&quot;,&quot;iso&quot;:&quot;0&quot;,&quot;shutter_speed&quot;:&quot;0&quot;,&quot;title&quot;:&quot;&quot;,&quot;orientation&quot;:&quot;0&quot;}\" data-image-title=\"FB_IMG_1743091506586\" data-image-description=\"\" data-image-caption=\"\" data-large-file=\"https:\/\/i0.wp.com\/www.3tv.bf\/wp-content\/uploads\/2025\/03\/FB_IMG_1743091506586.jpg?fit=696%2C486&amp;ssl=1\" class=\"size-medium wp-image-1731 aligncenter\" src=\"https:\/\/i0.wp.com\/www.3tv.bf\/wp-content\/uploads\/2025\/03\/FB_IMG_1743091506586.jpg?resize=300%2C210&#038;ssl=1\" alt=\"\" width=\"300\" height=\"210\" srcset=\"https:\/\/i0.wp.com\/www.3tv.bf\/wp-content\/uploads\/2025\/03\/FB_IMG_1743091506586.jpg?resize=300%2C210&amp;ssl=1 300w, https:\/\/i0.wp.com\/www.3tv.bf\/wp-content\/uploads\/2025\/03\/FB_IMG_1743091506586.jpg?resize=150%2C105&amp;ssl=1 150w, https:\/\/i0.wp.com\/www.3tv.bf\/wp-content\/uploads\/2025\/03\/FB_IMG_1743091506586.jpg?resize=696%2C486&amp;ssl=1 696w, https:\/\/i0.wp.com\/www.3tv.bf\/wp-content\/uploads\/2025\/03\/FB_IMG_1743091506586.jpg?w=720&amp;ssl=1 720w\" sizes=\"auto, (max-width: 300px) 100vw, 300px\" \/>Cr\u00e9\u00e9e en d\u00e9cembre 2024, la soci\u00e9t\u00e9 Faso Kosam a pour mission la transformation et la commercialisation du lait local \u00e0 travers une chaine d&rsquo;unit\u00e9s de production implant\u00e9es sur le territoire national. Elle est dot\u00e9e d&rsquo;un capital social de 100 millions de FCFA, enti\u00e8rement d\u00e9tenu par l&rsquo;\u00c9tat. Le lancement des activit\u00e9s de ladite soci\u00e9t\u00e9 a eu pour cadre l\u2019unit\u00e9 de transformation de lait situ\u00e9e dans le quartier Cissin, \u00e0 Ouagadougou. Elle a une capacit\u00e9 de production de 500 litres de lait par jour. C\u2019est la premi\u00e8re d\u2019une s\u00e9rie d\u2019unit\u00e9s laiti\u00e8res destin\u00e9es \u00e0 renforcer la collecte et la transformation du lait local.<\/p>\n<p><img data-recalc-dims=\"1\" loading=\"lazy\" decoding=\"async\" data-attachment-id=\"1732\" data-permalink=\"https:\/\/www.3tv.bf\/fb_img_1743091512471\/\" data-orig-file=\"https:\/\/i0.wp.com\/www.3tv.bf\/wp-content\/uploads\/2025\/03\/FB_IMG_1743091512471.jpg?fit=720%2C428&amp;ssl=1\" data-orig-size=\"720,428\" data-comments-opened=\"1\" data-image-meta=\"{&quot;aperture&quot;:&quot;0&quot;,&quot;credit&quot;:&quot;&quot;,&quot;camera&quot;:&quot;&quot;,&quot;caption&quot;:&quot;&quot;,&quot;created_timestamp&quot;:&quot;0&quot;,&quot;copyright&quot;:&quot;&quot;,&quot;focal_length&quot;:&quot;0&quot;,&quot;iso&quot;:&quot;0&quot;,&quot;shutter_speed&quot;:&quot;0&quot;,&quot;title&quot;:&quot;&quot;,&quot;orientation&quot;:&quot;0&quot;}\" data-image-title=\"FB_IMG_1743091512471\" data-image-description=\"\" data-image-caption=\"\" data-large-file=\"https:\/\/i0.wp.com\/www.3tv.bf\/wp-content\/uploads\/2025\/03\/FB_IMG_1743091512471.jpg?fit=696%2C414&amp;ssl=1\" class=\"size-medium wp-image-1732 alignright\" src=\"https:\/\/i0.wp.com\/www.3tv.bf\/wp-content\/uploads\/2025\/03\/FB_IMG_1743091512471.jpg?resize=300%2C178&#038;ssl=1\" alt=\"\" width=\"300\" height=\"178\" srcset=\"https:\/\/i0.wp.com\/www.3tv.bf\/wp-content\/uploads\/2025\/03\/FB_IMG_1743091512471.jpg?resize=300%2C178&amp;ssl=1 300w, https:\/\/i0.wp.com\/www.3tv.bf\/wp-content\/uploads\/2025\/03\/FB_IMG_1743091512471.jpg?resize=150%2C89&amp;ssl=1 150w, https:\/\/i0.wp.com\/www.3tv.bf\/wp-content\/uploads\/2025\/03\/FB_IMG_1743091512471.jpg?resize=696%2C414&amp;ssl=1 696w, https:\/\/i0.wp.com\/www.3tv.bf\/wp-content\/uploads\/2025\/03\/FB_IMG_1743091512471.jpg?w=720&amp;ssl=1 720w\" sizes=\"auto, (max-width: 300px) 100vw, 300px\" \/>Selon le Directeur g\u00e9n\u00e9ral de Faso Kosam, Alain Sawadogo, les principaux produits laitiers qui sortiront des unit\u00e9s de Faso Kosam sont, entre autres, le lait frais, le yaourt, le fromage, le beurre et le lait en poudre.<\/p>\n<p>&nbsp;<\/p>\n<p>&nbsp;<\/p>\n<p>\u00c0 l&rsquo;issue de la c\u00e9r\u00e9monie, le Chef du Gouvernement a rappel\u00e9 l&rsquo;importance strat\u00e9gique de Faso Kosam dans la dynamique de l\u2019atteinte de la s\u00e9curit\u00e9 alimentaire.<br \/>\n\u00ab La question de la souverainet\u00e9 alimentaire est l&rsquo;une des grandes priorit\u00e9s du Chef de l&rsquo;\u00c9tat. C&rsquo;est dans cette vision que la soci\u00e9t\u00e9 Faso Kosam a \u00e9t\u00e9 cr\u00e9\u00e9e \u00bb, a-t-il rappel\u00e9.<\/p>\n<p>L\u2019av\u00e8nement de cette structure intervient dans un contexte o\u00f9 \u00ab seulement 2 % de la production nationale de lait est actuellement collect\u00e9e et trait\u00e9e \u00bb, tandis que \u00ab pr\u00e8s de 12 milliards de francs CFA sont d\u00e9pens\u00e9s chaque ann\u00e9e pour l\u2019importation de produits laitiers \u00bb.<\/p>\n<p><img data-recalc-dims=\"1\" loading=\"lazy\" decoding=\"async\" data-attachment-id=\"1735\" data-permalink=\"https:\/\/www.3tv.bf\/fb_img_1743091520803\/\" data-orig-file=\"https:\/\/i0.wp.com\/www.3tv.bf\/wp-content\/uploads\/2025\/03\/FB_IMG_1743091520803.jpg?fit=720%2C540&amp;ssl=1\" data-orig-size=\"720,540\" data-comments-opened=\"1\" data-image-meta=\"{&quot;aperture&quot;:&quot;0&quot;,&quot;credit&quot;:&quot;&quot;,&quot;camera&quot;:&quot;&quot;,&quot;caption&quot;:&quot;&quot;,&quot;created_timestamp&quot;:&quot;0&quot;,&quot;copyright&quot;:&quot;&quot;,&quot;focal_length&quot;:&quot;0&quot;,&quot;iso&quot;:&quot;0&quot;,&quot;shutter_speed&quot;:&quot;0&quot;,&quot;title&quot;:&quot;&quot;,&quot;orientation&quot;:&quot;0&quot;}\" data-image-title=\"FB_IMG_1743091520803\" data-image-description=\"\" data-image-caption=\"\" data-large-file=\"https:\/\/i0.wp.com\/www.3tv.bf\/wp-content\/uploads\/2025\/03\/FB_IMG_1743091520803.jpg?fit=696%2C522&amp;ssl=1\" class=\"size-medium wp-image-1735 aligncenter\" src=\"https:\/\/i0.wp.com\/www.3tv.bf\/wp-content\/uploads\/2025\/03\/FB_IMG_1743091520803.jpg?resize=300%2C225&#038;ssl=1\" alt=\"\" width=\"300\" height=\"225\" srcset=\"https:\/\/i0.wp.com\/www.3tv.bf\/wp-content\/uploads\/2025\/03\/FB_IMG_1743091520803.jpg?resize=300%2C225&amp;ssl=1 300w, https:\/\/i0.wp.com\/www.3tv.bf\/wp-content\/uploads\/2025\/03\/FB_IMG_1743091520803.jpg?resize=150%2C113&amp;ssl=1 150w, https:\/\/i0.wp.com\/www.3tv.bf\/wp-content\/uploads\/2025\/03\/FB_IMG_1743091520803.jpg?resize=696%2C522&amp;ssl=1 696w, https:\/\/i0.wp.com\/www.3tv.bf\/wp-content\/uploads\/2025\/03\/FB_IMG_1743091520803.jpg?w=720&amp;ssl=1 720w\" sizes=\"auto, (max-width: 300px) 100vw, 300px\" \/>Le Premier ministre a affirm\u00e9 que l&rsquo;objectif \u00e0 atteindre par la mise en place de Faso Kosam est de pouvoir satisfaire au moins la moiti\u00e9 des besoins de consommation en produits laitiers au Burkina Faso d&rsquo;ici les cinq prochaines ann\u00e9es. Aussi, a-t-il engag\u00e9 le minist\u00e8re de tutelle et la Direction g\u00e9n\u00e9rale de Faso Kosam \u00e0 une gestion rigoureuse et performante de la soci\u00e9t\u00e9 afin d\u2019assurer aux consommateurs des produits de qualit\u00e9 irr\u00e9prochable.<\/p>\n<p>La structuration de la fili\u00e8re laiti\u00e8re est \u00e9galement en ligne de mire. Elle permettra non seulement de cr\u00e9er des emplois \u00e0 toutes les \u00e9chelles, dans tous les maillons de la fili\u00e8re, depuis la production jusqu&rsquo;au circuit de distribution, mais aussi des revenus.<\/p>\n<p><img data-recalc-dims=\"1\" loading=\"lazy\" decoding=\"async\" data-attachment-id=\"1733\" data-permalink=\"https:\/\/www.3tv.bf\/fb_img_1743091514887\/\" data-orig-file=\"https:\/\/i0.wp.com\/www.3tv.bf\/wp-content\/uploads\/2025\/03\/FB_IMG_1743091514887.jpg?fit=720%2C480&amp;ssl=1\" data-orig-size=\"720,480\" data-comments-opened=\"1\" data-image-meta=\"{&quot;aperture&quot;:&quot;0&quot;,&quot;credit&quot;:&quot;&quot;,&quot;camera&quot;:&quot;&quot;,&quot;caption&quot;:&quot;&quot;,&quot;created_timestamp&quot;:&quot;0&quot;,&quot;copyright&quot;:&quot;&quot;,&quot;focal_length&quot;:&quot;0&quot;,&quot;iso&quot;:&quot;0&quot;,&quot;shutter_speed&quot;:&quot;0&quot;,&quot;title&quot;:&quot;&quot;,&quot;orientation&quot;:&quot;0&quot;}\" data-image-title=\"FB_IMG_1743091514887\" data-image-description=\"\" data-image-caption=\"\" data-large-file=\"https:\/\/i0.wp.com\/www.3tv.bf\/wp-content\/uploads\/2025\/03\/FB_IMG_1743091514887.jpg?fit=696%2C464&amp;ssl=1\" class=\"size-medium wp-image-1733 aligncenter\" src=\"https:\/\/i0.wp.com\/www.3tv.bf\/wp-content\/uploads\/2025\/03\/FB_IMG_1743091514887.jpg?resize=300%2C200&#038;ssl=1\" alt=\"\" width=\"300\" height=\"200\" srcset=\"https:\/\/i0.wp.com\/www.3tv.bf\/wp-content\/uploads\/2025\/03\/FB_IMG_1743091514887.jpg?resize=300%2C200&amp;ssl=1 300w, https:\/\/i0.wp.com\/www.3tv.bf\/wp-content\/uploads\/2025\/03\/FB_IMG_1743091514887.jpg?resize=150%2C100&amp;ssl=1 150w, https:\/\/i0.wp.com\/www.3tv.bf\/wp-content\/uploads\/2025\/03\/FB_IMG_1743091514887.jpg?resize=696%2C464&amp;ssl=1 696w, https:\/\/i0.wp.com\/www.3tv.bf\/wp-content\/uploads\/2025\/03\/FB_IMG_1743091514887.jpg?w=720&amp;ssl=1 720w\" sizes=\"auto, (max-width: 300px) 100vw, 300px\" \/>\u00c0 moyen et long terme, la soci\u00e9t\u00e9 Faso Kosam pr\u00e9voit la construction de nouvelles unit\u00e9s de transformation de lait dans des bassins laitiers strat\u00e9giques. En effet, \u00e0 la suite de la mise en place de l&rsquo;unit\u00e9 de Cissin, Faso Kosam ambitionne de mettre en service les unit\u00e9s de transformation de Fada N&rsquo;Gourma avec 3 000 litres par jour, celle de Bobo-Dioulasso avec 300 litres par jour, de Koubri et de Dori.<\/p>\n<p>Avec le lancement de Faso Kosam, le Burkina Faso fait un pas de plus vers la consolidation de son ind\u00e9pendance alimentaire.<\/p>\n","protected":false},"excerpt":{"rendered":"<p>Le Premier ministre, Rimtalba Jean Emmanuel Ou\u00e9draogo, a proc\u00e9d\u00e9, ce jeudi 27 mars 2025 \u00e0 Ouagadougou, au lancement officiel des activit\u00e9s de la nouvelle soci\u00e9t\u00e9 d\u2019\u00c9tat d\u00e9nomm\u00e9e Faso Kosam. Cr\u00e9\u00e9e en d\u00e9cembre 2024, la soci\u00e9t\u00e9 Faso Kosam a pour mission la transformation et la commercialisation du lait local \u00e0 travers une chaine d&rsquo;unit\u00e9s de production [&hellip;]<\/p>\n","protected":false},"author":16,"featured_media":1734,"comment_status":"open","ping_status":"open","sticky":false,"template":"","format":"standard","meta":{"advanced_seo_description":"","jetpack_seo_html_title":"","jetpack_seo_noindex":false,"_jetpack_memberships_contains_paid_content":false,"footnotes":"","jetpack_publicize_message":"","jetpack_publicize_feature_enabled":true,"jetpack_social_post_already_shared":true,"jetpack_social_options":{"image_generator_settings":{"template":"highway","default_image_id":0,"font":"","enabled":false},"version":2}},"categories":[3],"tags":[],"class_list":{"0":"post-1749","1":"post","2":"type-post","3":"status-publish","4":"format-standard","5":"has-post-thumbnail","7":"category-politique"},"jetpack_publicize_connections":[],"jetpack_featured_media_url":"https:\/\/i0.wp.com\/www.3tv.bf\/wp-content\/uploads\/2025\/03\/FB_IMG_1743091509619.jpg?fit=720%2C461&ssl=1","jetpack_shortlink":"https:\/\/wp.me\/pc7wRC-sd","jetpack_sharing_enabled":true,"_links":{"self":[{"href":"https:\/\/www.3tv.bf\/index.php\/wp-json\/wp\/v2\/posts\/1749","targetHints":{"allow":["GET"]}}],"collection":[{"href":"https:\/\/www.3tv.bf\/index.php\/wp-json\/wp\/v2\/posts"}],"about":[{"href":"https:\/\/www.3tv.bf\/index.php\/wp-json\/wp\/v2\/types\/post"}],"author":[{"embeddable":true,"href":"https:\/\/www.3tv.bf\/index.php\/wp-json\/wp\/v2\/users\/16"}],"replies":[{"embeddable":true,"href":"https:\/\/www.3tv.bf\/index.php\/wp-json\/wp\/v2\/comments?post=1749"}],"version-history":[{"count":1,"href":"https:\/\/www.3tv.bf\/index.php\/wp-json\/wp\/v2\/posts\/1749\/revisions"}],"predecessor-version":[{"id":1750,"href":"https:\/\/www.3tv.bf\/index.php\/wp-json\/wp\/v2\/posts\/1749\/revisions\/1750"}],"wp:featuredmedia":[{"embeddable":true,"href":"https:\/\/www.3tv.bf\/index.php\/wp-json\/wp\/v2\/media\/1734"}],"wp:attachment":[{"href":"https:\/\/www.3tv.bf\/index.php\/wp-json\/wp\/v2\/media?parent=1749"}],"wp:term":[{"taxonomy":"category","embeddable":true,"href":"https:\/\/www.3tv.bf\/index.php\/wp-json\/wp\/v2\/categories?post=1749"},{"taxonomy":"post_tag","embeddable":true,"href":"https:\/\/www.3tv.bf\/index.php\/wp-json\/wp\/v2\/tags?post=1749"}],"curies":[{"name":"wp","href":"https:\/\/api.w.org\/{rel}","templated":true}]}}