{"id":1652,"date":"2025-03-20T20:08:48","date_gmt":"2025-03-20T19:08:48","guid":{"rendered":"https:\/\/www.3tv.bf\/?p=1652"},"modified":"2025-03-20T20:18:57","modified_gmt":"2025-03-20T19:18:57","slug":"plateau-central-le-president-du-faso-a-recu-en-audience-plusieurs-delegations-lors-de-son-sejour","status":"publish","type":"post","link":"https:\/\/www.3tv.bf\/index.php\/2025\/03\/20\/plateau-central-le-president-du-faso-a-recu-en-audience-plusieurs-delegations-lors-de-son-sejour\/","title":{"rendered":"Plateau-Central : Le Pr\u00e9sident du Faso a re\u00e7u en audience plusieurs d\u00e9l\u00e9gations lors de son s\u00e9jour."},"content":{"rendered":"<p>Lors de son s\u00e9jour dans la r\u00e9gion du Plateau-Central, le Pr\u00e9sident du Faso, le Capitaine Ibrahim Traor\u00e9, a re\u00e7u en audience plusieurs autorit\u00e9s :<\/p>\n<p>&nbsp;<\/p>\n<p><img data-recalc-dims=\"1\" loading=\"lazy\" decoding=\"async\" data-attachment-id=\"1662\" data-permalink=\"https:\/\/www.3tv.bf\/index.php\/2025\/03\/20\/plateau-central-le-president-du-faso-a-recu-en-audience-plusieurs-delegations-lors-de-son-sejour\/whatsapp-image-2025-03-20-at-18-07-03\/\" data-orig-file=\"https:\/\/i0.wp.com\/www.3tv.bf\/wp-content\/uploads\/2025\/03\/WhatsApp-Image-2025-03-20-at-18.07.03.jpeg?fit=720%2C524&amp;ssl=1\" data-orig-size=\"720,524\" data-comments-opened=\"1\" data-image-meta=\"{&quot;aperture&quot;:&quot;0&quot;,&quot;credit&quot;:&quot;&quot;,&quot;camera&quot;:&quot;&quot;,&quot;caption&quot;:&quot;&quot;,&quot;created_timestamp&quot;:&quot;0&quot;,&quot;copyright&quot;:&quot;&quot;,&quot;focal_length&quot;:&quot;0&quot;,&quot;iso&quot;:&quot;0&quot;,&quot;shutter_speed&quot;:&quot;0&quot;,&quot;title&quot;:&quot;&quot;,&quot;orientation&quot;:&quot;0&quot;}\" data-image-title=\"WhatsApp Image 2025-03-20 at 18.07.03\" data-image-description=\"\" data-image-caption=\"\" data-large-file=\"https:\/\/i0.wp.com\/www.3tv.bf\/wp-content\/uploads\/2025\/03\/WhatsApp-Image-2025-03-20-at-18.07.03.jpeg?fit=696%2C507&amp;ssl=1\" class=\"size-medium wp-image-1662 alignright\" src=\"https:\/\/i0.wp.com\/www.3tv.bf\/wp-content\/uploads\/2025\/03\/WhatsApp-Image-2025-03-20-at-18.07.03.jpeg?resize=300%2C218&#038;ssl=1\" alt=\"\" width=\"300\" height=\"218\" srcset=\"https:\/\/i0.wp.com\/www.3tv.bf\/wp-content\/uploads\/2025\/03\/WhatsApp-Image-2025-03-20-at-18.07.03.jpeg?resize=300%2C218&amp;ssl=1 300w, https:\/\/i0.wp.com\/www.3tv.bf\/wp-content\/uploads\/2025\/03\/WhatsApp-Image-2025-03-20-at-18.07.03.jpeg?resize=150%2C109&amp;ssl=1 150w, https:\/\/i0.wp.com\/www.3tv.bf\/wp-content\/uploads\/2025\/03\/WhatsApp-Image-2025-03-20-at-18.07.03.jpeg?resize=696%2C507&amp;ssl=1 696w, https:\/\/i0.wp.com\/www.3tv.bf\/wp-content\/uploads\/2025\/03\/WhatsApp-Image-2025-03-20-at-18.07.03.jpeg?w=720&amp;ssl=1 720w\" sizes=\"auto, (max-width: 300px) 100vw, 300px\" \/>1. Les Forces de D\u00e9fense et de S\u00e9curit\u00e9 (FDS) : Elles ont pr\u00e9sent\u00e9 la situation s\u00e9curitaire de la r\u00e9gion et r\u00e9affirm\u00e9 leur engagement \u00e0 lutter contre l\u2019ins\u00e9curit\u00e9 et le terrorisme.<\/p>\n<p>&nbsp;<\/p>\n<p>&nbsp;<\/p>\n<p>&nbsp;<\/p>\n<p>&nbsp;<\/p>\n<p><img data-recalc-dims=\"1\" loading=\"lazy\" decoding=\"async\" data-attachment-id=\"1668\" data-permalink=\"https:\/\/www.3tv.bf\/index.php\/2025\/03\/20\/plateau-central-le-president-du-faso-a-recu-en-audience-plusieurs-delegations-lors-de-son-sejour\/whatsapp-image-2025-03-20-at-18-07-05-2\/\" data-orig-file=\"https:\/\/i0.wp.com\/www.3tv.bf\/wp-content\/uploads\/2025\/03\/WhatsApp-Image-2025-03-20-at-18.07.05-2.jpeg?fit=720%2C486&amp;ssl=1\" data-orig-size=\"720,486\" data-comments-opened=\"1\" data-image-meta=\"{&quot;aperture&quot;:&quot;0&quot;,&quot;credit&quot;:&quot;&quot;,&quot;camera&quot;:&quot;&quot;,&quot;caption&quot;:&quot;&quot;,&quot;created_timestamp&quot;:&quot;0&quot;,&quot;copyright&quot;:&quot;&quot;,&quot;focal_length&quot;:&quot;0&quot;,&quot;iso&quot;:&quot;0&quot;,&quot;shutter_speed&quot;:&quot;0&quot;,&quot;title&quot;:&quot;&quot;,&quot;orientation&quot;:&quot;0&quot;}\" data-image-title=\"WhatsApp Image 2025-03-20 at 18.07.05 (2)\" data-image-description=\"\" data-image-caption=\"\" data-large-file=\"https:\/\/i0.wp.com\/www.3tv.bf\/wp-content\/uploads\/2025\/03\/WhatsApp-Image-2025-03-20-at-18.07.05-2.jpeg?fit=696%2C470&amp;ssl=1\" class=\"size-medium wp-image-1668 alignright\" src=\"https:\/\/i0.wp.com\/www.3tv.bf\/wp-content\/uploads\/2025\/03\/WhatsApp-Image-2025-03-20-at-18.07.05-2.jpeg?resize=300%2C203&#038;ssl=1\" alt=\"\" width=\"300\" height=\"203\" srcset=\"https:\/\/i0.wp.com\/www.3tv.bf\/wp-content\/uploads\/2025\/03\/WhatsApp-Image-2025-03-20-at-18.07.05-2.jpeg?resize=300%2C203&amp;ssl=1 300w, https:\/\/i0.wp.com\/www.3tv.bf\/wp-content\/uploads\/2025\/03\/WhatsApp-Image-2025-03-20-at-18.07.05-2.jpeg?resize=150%2C101&amp;ssl=1 150w, https:\/\/i0.wp.com\/www.3tv.bf\/wp-content\/uploads\/2025\/03\/WhatsApp-Image-2025-03-20-at-18.07.05-2.jpeg?resize=696%2C470&amp;ssl=1 696w, https:\/\/i0.wp.com\/www.3tv.bf\/wp-content\/uploads\/2025\/03\/WhatsApp-Image-2025-03-20-at-18.07.05-2.jpeg?w=720&amp;ssl=1 720w\" sizes=\"auto, (max-width: 300px) 100vw, 300px\" \/>2. Les Chefs coutumiers : Conduits par le Naba Sanem, Chef de Ziniar\u00e9, ils ont exprim\u00e9 leur reconnaissance pour le projet de nouveau statut de la chefferie coutumi\u00e8re et ont soutenu les efforts du Pr\u00e9sident pour la paix et le d\u00e9veloppement.<\/p>\n<p>&nbsp;<\/p>\n<p>&nbsp;<\/p>\n<p>&nbsp;<\/p>\n<p>&nbsp;<\/p>\n<p><img data-recalc-dims=\"1\" loading=\"lazy\" decoding=\"async\" data-attachment-id=\"1660\" data-permalink=\"https:\/\/www.3tv.bf\/index.php\/2025\/03\/20\/plateau-central-le-president-du-faso-a-recu-en-audience-plusieurs-delegations-lors-de-son-sejour\/whatsapp-image-2025-03-20-at-18-07-02\/\" data-orig-file=\"https:\/\/i0.wp.com\/www.3tv.bf\/wp-content\/uploads\/2025\/03\/WhatsApp-Image-2025-03-20-at-18.07.02.jpeg?fit=720%2C480&amp;ssl=1\" data-orig-size=\"720,480\" data-comments-opened=\"1\" data-image-meta=\"{&quot;aperture&quot;:&quot;0&quot;,&quot;credit&quot;:&quot;&quot;,&quot;camera&quot;:&quot;&quot;,&quot;caption&quot;:&quot;&quot;,&quot;created_timestamp&quot;:&quot;0&quot;,&quot;copyright&quot;:&quot;&quot;,&quot;focal_length&quot;:&quot;0&quot;,&quot;iso&quot;:&quot;0&quot;,&quot;shutter_speed&quot;:&quot;0&quot;,&quot;title&quot;:&quot;&quot;,&quot;orientation&quot;:&quot;0&quot;}\" data-image-title=\"WhatsApp Image 2025-03-20 at 18.07.02\" data-image-description=\"\" data-image-caption=\"\" data-large-file=\"https:\/\/i0.wp.com\/www.3tv.bf\/wp-content\/uploads\/2025\/03\/WhatsApp-Image-2025-03-20-at-18.07.02.jpeg?fit=696%2C464&amp;ssl=1\" class=\"size-medium wp-image-1660 alignright\" src=\"https:\/\/i0.wp.com\/www.3tv.bf\/wp-content\/uploads\/2025\/03\/WhatsApp-Image-2025-03-20-at-18.07.02.jpeg?resize=300%2C200&#038;ssl=1\" alt=\"\" width=\"300\" height=\"200\" srcset=\"https:\/\/i0.wp.com\/www.3tv.bf\/wp-content\/uploads\/2025\/03\/WhatsApp-Image-2025-03-20-at-18.07.02.jpeg?resize=300%2C200&amp;ssl=1 300w, https:\/\/i0.wp.com\/www.3tv.bf\/wp-content\/uploads\/2025\/03\/WhatsApp-Image-2025-03-20-at-18.07.02.jpeg?resize=150%2C100&amp;ssl=1 150w, https:\/\/i0.wp.com\/www.3tv.bf\/wp-content\/uploads\/2025\/03\/WhatsApp-Image-2025-03-20-at-18.07.02.jpeg?resize=696%2C464&amp;ssl=1 696w, https:\/\/i0.wp.com\/www.3tv.bf\/wp-content\/uploads\/2025\/03\/WhatsApp-Image-2025-03-20-at-18.07.02.jpeg?w=720&amp;ssl=1 720w\" sizes=\"auto, (max-width: 300px) 100vw, 300px\" \/>3. Les Autorit\u00e9s administratives : Men\u00e9es par Mme le Gouverneur Sy Assetou Barry\/Traor\u00e9, elles ont re\u00e7u des orientations pour accompagner les initiatives de d\u00e9veloppement et de coh\u00e9sion sociale dans la r\u00e9gion.<\/p>\n<p>&nbsp;<\/p>\n<p>&nbsp;<\/p>\n<p>&nbsp;<\/p>\n<p><img data-recalc-dims=\"1\" loading=\"lazy\" decoding=\"async\" data-attachment-id=\"1656\" data-permalink=\"https:\/\/www.3tv.bf\/index.php\/2025\/03\/20\/plateau-central-le-president-du-faso-a-recu-en-audience-plusieurs-delegations-lors-de-son-sejour\/whatsapp-image-2025-03-20-at-18-07-00\/\" data-orig-file=\"https:\/\/i0.wp.com\/www.3tv.bf\/wp-content\/uploads\/2025\/03\/WhatsApp-Image-2025-03-20-at-18.07.00.jpeg?fit=720%2C480&amp;ssl=1\" data-orig-size=\"720,480\" data-comments-opened=\"1\" data-image-meta=\"{&quot;aperture&quot;:&quot;0&quot;,&quot;credit&quot;:&quot;&quot;,&quot;camera&quot;:&quot;&quot;,&quot;caption&quot;:&quot;&quot;,&quot;created_timestamp&quot;:&quot;0&quot;,&quot;copyright&quot;:&quot;&quot;,&quot;focal_length&quot;:&quot;0&quot;,&quot;iso&quot;:&quot;0&quot;,&quot;shutter_speed&quot;:&quot;0&quot;,&quot;title&quot;:&quot;&quot;,&quot;orientation&quot;:&quot;0&quot;}\" data-image-title=\"WhatsApp Image 2025-03-20 at 18.07.00\" data-image-description=\"\" data-image-caption=\"\" data-large-file=\"https:\/\/i0.wp.com\/www.3tv.bf\/wp-content\/uploads\/2025\/03\/WhatsApp-Image-2025-03-20-at-18.07.00.jpeg?fit=696%2C464&amp;ssl=1\" class=\"size-medium wp-image-1656 alignright\" src=\"https:\/\/i0.wp.com\/www.3tv.bf\/wp-content\/uploads\/2025\/03\/WhatsApp-Image-2025-03-20-at-18.07.00.jpeg?resize=300%2C200&#038;ssl=1\" alt=\"\" width=\"300\" height=\"200\" srcset=\"https:\/\/i0.wp.com\/www.3tv.bf\/wp-content\/uploads\/2025\/03\/WhatsApp-Image-2025-03-20-at-18.07.00.jpeg?resize=300%2C200&amp;ssl=1 300w, https:\/\/i0.wp.com\/www.3tv.bf\/wp-content\/uploads\/2025\/03\/WhatsApp-Image-2025-03-20-at-18.07.00.jpeg?resize=150%2C100&amp;ssl=1 150w, https:\/\/i0.wp.com\/www.3tv.bf\/wp-content\/uploads\/2025\/03\/WhatsApp-Image-2025-03-20-at-18.07.00.jpeg?resize=696%2C464&amp;ssl=1 696w, https:\/\/i0.wp.com\/www.3tv.bf\/wp-content\/uploads\/2025\/03\/WhatsApp-Image-2025-03-20-at-18.07.00.jpeg?w=720&amp;ssl=1 720w\" sizes=\"auto, (max-width: 300px) 100vw, 300px\" \/>4. Les Autorit\u00e9s religieuses : Repr\u00e9sent\u00e9es par Cheikh Seydou Tapsoba, elles ont salu\u00e9 les actions pour la reconqu\u00eate du territoire et ont soumis des dol\u00e9ances li\u00e9es \u00e0 la prise en charge des victimes de la crise s\u00e9curitaire et \u00e0 la r\u00e9conciliation nationale.<\/p>\n<p>&nbsp;<\/p>\n<p>&nbsp;<\/p>\n<p>Chacune de ces audiences a permis de renforcer la mobilisation et l\u2019engagement des diff\u00e9rents acteurs pour la s\u00e9curit\u00e9, la paix et le d\u00e9veloppement du Burkina Faso.<\/p>\n","protected":false},"excerpt":{"rendered":"<p>Lors de son s\u00e9jour dans la r\u00e9gion du Plateau-Central, le Pr\u00e9sident du Faso, le Capitaine Ibrahim Traor\u00e9, a re\u00e7u en audience plusieurs autorit\u00e9s : &nbsp; 1. Les Forces de D\u00e9fense et de S\u00e9curit\u00e9 (FDS) : Elles ont pr\u00e9sent\u00e9 la situation s\u00e9curitaire de la r\u00e9gion et r\u00e9affirm\u00e9 leur engagement \u00e0 lutter contre l\u2019ins\u00e9curit\u00e9 et le terrorisme. [&hellip;]<\/p>\n","protected":false},"author":16,"featured_media":1655,"comment_status":"open","ping_status":"open","sticky":false,"template":"","format":"standard","meta":{"advanced_seo_description":"","jetpack_seo_html_title":"","jetpack_seo_noindex":false,"_jetpack_memberships_contains_paid_content":false,"footnotes":"","jetpack_publicize_message":"","jetpack_publicize_feature_enabled":true,"jetpack_social_post_already_shared":true,"jetpack_social_options":{"image_generator_settings":{"template":"highway","default_image_id":0,"font":"","enabled":false},"version":2}},"categories":[3],"tags":[],"class_list":{"0":"post-1652","1":"post","2":"type-post","3":"status-publish","4":"format-standard","5":"has-post-thumbnail","7":"category-politique"},"jetpack_publicize_connections":[],"jetpack_featured_media_url":"https:\/\/i0.wp.com\/www.3tv.bf\/wp-content\/uploads\/2025\/03\/WhatsApp-Image-2025-03-20-at-18.07.00-1.jpeg?fit=720%2C480&ssl=1","jetpack_shortlink":"https:\/\/wp.me\/pc7wRC-qE","jetpack_sharing_enabled":true,"_links":{"self":[{"href":"https:\/\/www.3tv.bf\/index.php\/wp-json\/wp\/v2\/posts\/1652","targetHints":{"allow":["GET"]}}],"collection":[{"href":"https:\/\/www.3tv.bf\/index.php\/wp-json\/wp\/v2\/posts"}],"about":[{"href":"https:\/\/www.3tv.bf\/index.php\/wp-json\/wp\/v2\/types\/post"}],"author":[{"embeddable":true,"href":"https:\/\/www.3tv.bf\/index.php\/wp-json\/wp\/v2\/users\/16"}],"replies":[{"embeddable":true,"href":"https:\/\/www.3tv.bf\/index.php\/wp-json\/wp\/v2\/comments?post=1652"}],"version-history":[{"count":3,"href":"https:\/\/www.3tv.bf\/index.php\/wp-json\/wp\/v2\/posts\/1652\/revisions"}],"predecessor-version":[{"id":1672,"href":"https:\/\/www.3tv.bf\/index.php\/wp-json\/wp\/v2\/posts\/1652\/revisions\/1672"}],"wp:featuredmedia":[{"embeddable":true,"href":"https:\/\/www.3tv.bf\/index.php\/wp-json\/wp\/v2\/media\/1655"}],"wp:attachment":[{"href":"https:\/\/www.3tv.bf\/index.php\/wp-json\/wp\/v2\/media?parent=1652"}],"wp:term":[{"taxonomy":"category","embeddable":true,"href":"https:\/\/www.3tv.bf\/index.php\/wp-json\/wp\/v2\/categories?post=1652"},{"taxonomy":"post_tag","embeddable":true,"href":"https:\/\/www.3tv.bf\/index.php\/wp-json\/wp\/v2\/tags?post=1652"}],"curies":[{"name":"wp","href":"https:\/\/api.w.org\/{rel}","templated":true}]}}