{"id":1634,"date":"2025-03-20T11:48:20","date_gmt":"2025-03-20T10:48:20","guid":{"rendered":"https:\/\/www.3tv.bf\/?p=1634"},"modified":"2025-03-20T11:48:20","modified_gmt":"2025-03-20T10:48:20","slug":"burkina-faso-le-president-du-faso-en-visite-officielle-a-ziniare","status":"publish","type":"post","link":"https:\/\/www.3tv.bf\/index.php\/2025\/03\/20\/burkina-faso-le-president-du-faso-en-visite-officielle-a-ziniare\/","title":{"rendered":"Burkina Faso : le Pr\u00e9sident du Faso en visite officielle \u00e0 Ziniar\u00e9\u00a0"},"content":{"rendered":"<p><strong>Le Pr\u00e9sident du Faso, le Capitaine Ibrahim Traor\u00e9, a entam\u00e9 ce jeudi matin une visite officielle dans la r\u00e9gion du Plateau-Central.\u00a0<\/strong><\/p>\n<p>\u00c0 son arriv\u00e9e \u00e0 Ziniar\u00e9, il a \u00e9t\u00e9 chaleureusement accueilli par les autorit\u00e9s administratives, les chefs coutumiers et une foule enthousiaste venue saluer sa pr\u00e9sence.<\/p>\n<p><img data-recalc-dims=\"1\" loading=\"lazy\" decoding=\"async\" data-attachment-id=\"1638\" data-permalink=\"https:\/\/www.3tv.bf\/index.php\/2025\/03\/20\/burkina-faso-le-president-du-faso-en-visite-officielle-a-ziniare\/img-20250320-wa0026\/\" data-orig-file=\"https:\/\/i0.wp.com\/www.3tv.bf\/wp-content\/uploads\/2025\/03\/IMG-20250320-WA0026.jpg?fit=1080%2C720&amp;ssl=1\" data-orig-size=\"1080,720\" data-comments-opened=\"1\" data-image-meta=\"{&quot;aperture&quot;:&quot;0&quot;,&quot;credit&quot;:&quot;&quot;,&quot;camera&quot;:&quot;&quot;,&quot;caption&quot;:&quot;&quot;,&quot;created_timestamp&quot;:&quot;0&quot;,&quot;copyright&quot;:&quot;&quot;,&quot;focal_length&quot;:&quot;0&quot;,&quot;iso&quot;:&quot;0&quot;,&quot;shutter_speed&quot;:&quot;0&quot;,&quot;title&quot;:&quot;&quot;,&quot;orientation&quot;:&quot;0&quot;}\" data-image-title=\"IMG-20250320-WA0026\" data-image-description=\"\" data-image-caption=\"\" data-large-file=\"https:\/\/i0.wp.com\/www.3tv.bf\/wp-content\/uploads\/2025\/03\/IMG-20250320-WA0026.jpg?fit=696%2C464&amp;ssl=1\" class=\"alignnone size-medium wp-image-1638\" src=\"https:\/\/i0.wp.com\/www.3tv.bf\/wp-content\/uploads\/2025\/03\/IMG-20250320-WA0026.jpg?resize=300%2C200&#038;ssl=1\" alt=\"\" width=\"300\" height=\"200\" srcset=\"https:\/\/i0.wp.com\/www.3tv.bf\/wp-content\/uploads\/2025\/03\/IMG-20250320-WA0026.jpg?resize=300%2C200&amp;ssl=1 300w, https:\/\/i0.wp.com\/www.3tv.bf\/wp-content\/uploads\/2025\/03\/IMG-20250320-WA0026.jpg?resize=1024%2C683&amp;ssl=1 1024w, https:\/\/i0.wp.com\/www.3tv.bf\/wp-content\/uploads\/2025\/03\/IMG-20250320-WA0026.jpg?resize=768%2C512&amp;ssl=1 768w, https:\/\/i0.wp.com\/www.3tv.bf\/wp-content\/uploads\/2025\/03\/IMG-20250320-WA0026.jpg?resize=150%2C100&amp;ssl=1 150w, https:\/\/i0.wp.com\/www.3tv.bf\/wp-content\/uploads\/2025\/03\/IMG-20250320-WA0026.jpg?resize=696%2C464&amp;ssl=1 696w, https:\/\/i0.wp.com\/www.3tv.bf\/wp-content\/uploads\/2025\/03\/IMG-20250320-WA0026.jpg?resize=1068%2C712&amp;ssl=1 1068w, https:\/\/i0.wp.com\/www.3tv.bf\/wp-content\/uploads\/2025\/03\/IMG-20250320-WA0026.jpg?w=1080&amp;ssl=1 1080w\" sizes=\"auto, (max-width: 300px) 100vw, 300px\" \/><\/p>\n<p>Cette visite sera marqu\u00e9e par plusieurs \u00e9changes avec les personnalit\u00e9s locales et les Forces vives de la r\u00e9gion afin d\u2019aborder les enjeux du d\u00e9veloppement territorial.<\/p>\n<p><img data-recalc-dims=\"1\" loading=\"lazy\" decoding=\"async\" data-attachment-id=\"1637\" data-permalink=\"https:\/\/www.3tv.bf\/index.php\/2025\/03\/20\/burkina-faso-le-president-du-faso-en-visite-officielle-a-ziniare\/img-20250320-wa0027\/\" data-orig-file=\"https:\/\/i0.wp.com\/www.3tv.bf\/wp-content\/uploads\/2025\/03\/IMG-20250320-WA0027.jpg?fit=1080%2C775&amp;ssl=1\" data-orig-size=\"1080,775\" data-comments-opened=\"1\" data-image-meta=\"{&quot;aperture&quot;:&quot;0&quot;,&quot;credit&quot;:&quot;&quot;,&quot;camera&quot;:&quot;&quot;,&quot;caption&quot;:&quot;&quot;,&quot;created_timestamp&quot;:&quot;0&quot;,&quot;copyright&quot;:&quot;&quot;,&quot;focal_length&quot;:&quot;0&quot;,&quot;iso&quot;:&quot;0&quot;,&quot;shutter_speed&quot;:&quot;0&quot;,&quot;title&quot;:&quot;&quot;,&quot;orientation&quot;:&quot;0&quot;}\" data-image-title=\"IMG-20250320-WA0027\" data-image-description=\"\" data-image-caption=\"\" data-large-file=\"https:\/\/i0.wp.com\/www.3tv.bf\/wp-content\/uploads\/2025\/03\/IMG-20250320-WA0027.jpg?fit=696%2C500&amp;ssl=1\" class=\"alignnone size-medium wp-image-1637\" src=\"https:\/\/i0.wp.com\/www.3tv.bf\/wp-content\/uploads\/2025\/03\/IMG-20250320-WA0027.jpg?resize=300%2C215&#038;ssl=1\" alt=\"\" width=\"300\" height=\"215\" srcset=\"https:\/\/i0.wp.com\/www.3tv.bf\/wp-content\/uploads\/2025\/03\/IMG-20250320-WA0027.jpg?resize=300%2C215&amp;ssl=1 300w, https:\/\/i0.wp.com\/www.3tv.bf\/wp-content\/uploads\/2025\/03\/IMG-20250320-WA0027.jpg?resize=1024%2C735&amp;ssl=1 1024w, https:\/\/i0.wp.com\/www.3tv.bf\/wp-content\/uploads\/2025\/03\/IMG-20250320-WA0027.jpg?resize=768%2C551&amp;ssl=1 768w, https:\/\/i0.wp.com\/www.3tv.bf\/wp-content\/uploads\/2025\/03\/IMG-20250320-WA0027.jpg?resize=150%2C108&amp;ssl=1 150w, https:\/\/i0.wp.com\/www.3tv.bf\/wp-content\/uploads\/2025\/03\/IMG-20250320-WA0027.jpg?resize=696%2C499&amp;ssl=1 696w, https:\/\/i0.wp.com\/www.3tv.bf\/wp-content\/uploads\/2025\/03\/IMG-20250320-WA0027.jpg?resize=1068%2C766&amp;ssl=1 1068w, https:\/\/i0.wp.com\/www.3tv.bf\/wp-content\/uploads\/2025\/03\/IMG-20250320-WA0027.jpg?w=1080&amp;ssl=1 1080w\" sizes=\"auto, (max-width: 300px) 100vw, 300px\" \/><\/p>\n<p>Au cours de cette visite, le pr\u00e9sident prendra \u00e9galement part \u00e0 l\u2019inauguration officielle de la Soci\u00e9t\u00e9 industrielle Sino Burkina de ciments S.A., une nouvelle cimenterie implant\u00e9e \u00e0 Laongo, dans la commune de Ziniar\u00e9.<\/p>\n","protected":false},"excerpt":{"rendered":"<p>Le Pr\u00e9sident du Faso, le Capitaine Ibrahim Traor\u00e9, a entam\u00e9 ce jeudi matin une visite officielle dans la r\u00e9gion du Plateau-Central.\u00a0 \u00c0 son arriv\u00e9e \u00e0 Ziniar\u00e9, il a \u00e9t\u00e9 chaleureusement accueilli par les autorit\u00e9s administratives, les chefs coutumiers et une foule enthousiaste venue saluer sa pr\u00e9sence. Cette visite sera marqu\u00e9e par plusieurs \u00e9changes avec les [&hellip;]<\/p>\n","protected":false},"author":12,"featured_media":1636,"comment_status":"open","ping_status":"open","sticky":false,"template":"","format":"standard","meta":{"advanced_seo_description":"","jetpack_seo_html_title":"","jetpack_seo_noindex":false,"_jetpack_memberships_contains_paid_content":false,"footnotes":"","jetpack_publicize_message":"","jetpack_publicize_feature_enabled":true,"jetpack_social_post_already_shared":true,"jetpack_social_options":{"image_generator_settings":{"template":"highway","default_image_id":0,"font":"","enabled":false},"version":2}},"categories":[137,3,5],"tags":[],"class_list":{"0":"post-1634","1":"post","2":"type-post","3":"status-publish","4":"format-standard","5":"has-post-thumbnail","7":"category-la-une","8":"category-politique","9":"category-societe"},"jetpack_publicize_connections":[],"jetpack_featured_media_url":"https:\/\/i0.wp.com\/www.3tv.bf\/wp-content\/uploads\/2025\/03\/IMG-20250320-WA0028.jpg?fit=1080%2C848&ssl=1","jetpack_shortlink":"https:\/\/wp.me\/pc7wRC-qm","jetpack_sharing_enabled":true,"_links":{"self":[{"href":"https:\/\/www.3tv.bf\/index.php\/wp-json\/wp\/v2\/posts\/1634","targetHints":{"allow":["GET"]}}],"collection":[{"href":"https:\/\/www.3tv.bf\/index.php\/wp-json\/wp\/v2\/posts"}],"about":[{"href":"https:\/\/www.3tv.bf\/index.php\/wp-json\/wp\/v2\/types\/post"}],"author":[{"embeddable":true,"href":"https:\/\/www.3tv.bf\/index.php\/wp-json\/wp\/v2\/users\/12"}],"replies":[{"embeddable":true,"href":"https:\/\/www.3tv.bf\/index.php\/wp-json\/wp\/v2\/comments?post=1634"}],"version-history":[{"count":1,"href":"https:\/\/www.3tv.bf\/index.php\/wp-json\/wp\/v2\/posts\/1634\/revisions"}],"predecessor-version":[{"id":1640,"href":"https:\/\/www.3tv.bf\/index.php\/wp-json\/wp\/v2\/posts\/1634\/revisions\/1640"}],"wp:featuredmedia":[{"embeddable":true,"href":"https:\/\/www.3tv.bf\/index.php\/wp-json\/wp\/v2\/media\/1636"}],"wp:attachment":[{"href":"https:\/\/www.3tv.bf\/index.php\/wp-json\/wp\/v2\/media?parent=1634"}],"wp:term":[{"taxonomy":"category","embeddable":true,"href":"https:\/\/www.3tv.bf\/index.php\/wp-json\/wp\/v2\/categories?post=1634"},{"taxonomy":"post_tag","embeddable":true,"href":"https:\/\/www.3tv.bf\/index.php\/wp-json\/wp\/v2\/tags?post=1634"}],"curies":[{"name":"wp","href":"https:\/\/api.w.org\/{rel}","templated":true}]}}