{"id":1625,"date":"2025-03-19T18:57:09","date_gmt":"2025-03-19T17:57:09","guid":{"rendered":"https:\/\/www.3tv.bf\/?p=1625"},"modified":"2025-03-19T18:57:09","modified_gmt":"2025-03-19T17:57:09","slug":"acquisition-darmes-a-feu-au-burkina-faso-conditions-et-procedures-dobtention-de-lautorisation-dachat-2","status":"publish","type":"post","link":"https:\/\/www.3tv.bf\/index.php\/2025\/03\/19\/acquisition-darmes-a-feu-au-burkina-faso-conditions-et-procedures-dobtention-de-lautorisation-dachat-2\/","title":{"rendered":"Acquisition d&rsquo;armes \u00e0 feu au Burkina Faso : Conditions et proc\u00e9dures d&rsquo;obtention de l&rsquo;autorisation d&rsquo;achat"},"content":{"rendered":"<p><strong>Dans un contexte marqu\u00e9 par des d\u00e9fis s\u00e9curitaires croissants, la d\u00e9tention et l\u2019acquisition d\u2019armes \u00e0 feu sont strictement encadr\u00e9es au Burkina Faso. Loin d\u2019\u00eatre un droit accessible \u00e0 tous, l\u2019achat d\u2019une arme est soumis \u00e0 une r\u00e9glementation rigoureuse visant \u00e0 garantir la s\u00e9curit\u00e9 publique et \u00e0 pr\u00e9venir les abus. Ainsi, toute personne d\u00e9sireuse d\u2019acqu\u00e9rir une arme \u00e0 feu doit obtenir une autorisation pr\u00e9alable d\u00e9livr\u00e9e par le minist\u00e8re en charge de la s\u00e9curit\u00e9. <\/strong><\/p>\n<p>Ce document, \u00e0 la fois personnel et obligatoire, conditionne l\u2019achat l\u00e9gal d\u2019une arme et implique une proc\u00e9dure administrative pr\u00e9cise. Quelles sont donc les conditions et les d\u00e9marches requises pour l\u2019obtenir ?<\/p>\n<p>\u2039\u2039 <em>Nul ne peut acheter une arme \u00e0 feu ou b\u00e9n\u00e9ficier par \u00e9change, don, h\u00e9ritage, ou legs, s\u2019il n\u2019est titulaire d\u2019une licence appel\u00e9e \u00ab Autorisation d\u2019achat d\u2019arme \u00e0 feu \u00bb.<\/em><\/p>\n<p><strong>L\u2019autorisation d\u2019achat d\u2019arme \u00e0 feu est personnelle.<\/strong><\/p>\n<p>L\u2019autorisation d\u2019achat d\u2019arme \u00e0 feu est un document sign\u00e9 du Ministre charg\u00e9 de la s\u00e9curit\u00e9 au profit d\u2019une personne physique ou morale en vue de lui permettre d\u2019acqu\u00e9rir une arme \u00e0 feu.<\/p>\n<p>&nbsp;<\/p>\n<p>L\u2019autorisation d\u2019achat d\u2019arme vaut permis d\u2019importation.<\/p>\n<p>&nbsp;<\/p>\n<p>Tout dossier de demande d\u2019autorisation d\u2019achat d\u2019arme \u00e0 feu doit comprendre :<\/p>\n<p>&nbsp;<\/p>\n<p>&#8211; Une demande sur un formulaire rev\u00eatu d\u2019un timbre fiscal de quinze mille (15.000) francs pour les armes d\u2019\u00e9paule, vingt cinq mille(25.000) francs pour les armes de poing de calibre inf\u00e9rieur ou \u00e9gal \u00e0 7.65mm , cinquante mille (50.000) francs pour les armes de poing de calibre sup\u00e9rieur \u00e0 7.65mm ;<\/p>\n<p>&#8211; Une (01) photocopie l\u00e9galis\u00e9e de la carte d\u2019identit\u00e9 ou du passeport en cours de validit\u00e9 ;<\/p>\n<p>&#8211; Un (01) extrait d\u2019acte de naissance ou du jugement suppl\u00e9tif d\u2019acte de naissance ;<\/p>\n<p>&#8211; Un (01) certificat de r\u00e9sidence ;<\/p>\n<p>&#8211; Un (01) extrait de casier judiciaire de moins de trois (03) mois de date;<\/p>\n<p>&#8211; Deux (02) photos d\u2019identit\u00e9 ;<\/p>\n<p>&nbsp;<\/p>\n<p>L\u2019autorisation ne sera acquise qu\u2019apr\u00e8s le r\u00e9sultat de l\u2019enqu\u00eate de moralit\u00e9 men\u00e9e sur le requ\u00e9rant par les services de police de sa localit\u00e9 de r\u00e9sidence. Lorsque le demandeur est d\u00e9j\u00e0 d\u00e9tenteur d\u2019une arme \u00e0 feu, mention doit \u00eatre faite sur la demande \u00e0 laquelle est jointe une copie du permis de d\u00e9tention et de port d\u2019arme.<\/p>\n<p>Pour les corps militaires , paramilitaires, les magistrats et certains agents publics en raison de leur fonction, la demande doit \u00eatre timbr\u00e9e, selon le type d\u2019armes, accompagn\u00e9e d\u2019un (01) extrait d\u2019acte de naissance, de certificat de pr\u00e9sence au corps et d\u2019une photocopie l\u00e9galis\u00e9e de la carte professionnel avec les avis motiv\u00e9s des sup\u00e9rieurs hi\u00e9rarchiques.<\/p>\n<p>&nbsp;<\/p>\n<p>#NB: le Conseil des Ministres en sa s\u00e9ance du 5 f\u00e9vrier 2025 a adopt\u00e9 un d\u00e9cret portant fixation des crit\u00e8res de classification des armes de poing dans la cat\u00e9gorie des armes de guerre ou des armes civiles.<\/p>\n<p>Ainsi, d\u00e9sormais, \u00e0 partir de ce d\u00e9cret, toute arme de calibre sup\u00e9rieur \u00e0 7,65 mn est une arme de guerre et celle de calibre inf\u00e9rieur est consid\u00e9r\u00e9e comme une arme civile.<\/p>\n<p><strong>DCRP-MSECU<\/strong><\/p>\n","protected":false},"excerpt":{"rendered":"<p>Dans un contexte marqu\u00e9 par des d\u00e9fis s\u00e9curitaires croissants, la d\u00e9tention et l\u2019acquisition d\u2019armes \u00e0 feu sont strictement encadr\u00e9es au Burkina Faso. Loin d\u2019\u00eatre un droit accessible \u00e0 tous, l\u2019achat d\u2019une arme est soumis \u00e0 une r\u00e9glementation rigoureuse visant \u00e0 garantir la s\u00e9curit\u00e9 publique et \u00e0 pr\u00e9venir les abus. Ainsi, toute personne d\u00e9sireuse d\u2019acqu\u00e9rir une [&hellip;]<\/p>\n","protected":false},"author":16,"featured_media":1615,"comment_status":"open","ping_status":"open","sticky":false,"template":"","format":"standard","meta":{"advanced_seo_description":"","jetpack_seo_html_title":"","jetpack_seo_noindex":false,"_jetpack_memberships_contains_paid_content":false,"footnotes":"","jetpack_publicize_message":"","jetpack_publicize_feature_enabled":true,"jetpack_social_post_already_shared":true,"jetpack_social_options":{"image_generator_settings":{"template":"highway","default_image_id":0,"font":"","enabled":false},"version":2}},"categories":[7],"tags":[],"class_list":{"0":"post-1625","1":"post","2":"type-post","3":"status-publish","4":"format-standard","5":"has-post-thumbnail","7":"category-securite"},"jetpack_publicize_connections":[],"jetpack_featured_media_url":"https:\/\/i0.wp.com\/www.3tv.bf\/wp-content\/uploads\/2025\/03\/WhatsApp-Image-2025-03-19-at-16.55.45.jpeg?fit=720%2C449&ssl=1","jetpack_shortlink":"https:\/\/wp.me\/pc7wRC-qd","jetpack_sharing_enabled":true,"_links":{"self":[{"href":"https:\/\/www.3tv.bf\/index.php\/wp-json\/wp\/v2\/posts\/1625","targetHints":{"allow":["GET"]}}],"collection":[{"href":"https:\/\/www.3tv.bf\/index.php\/wp-json\/wp\/v2\/posts"}],"about":[{"href":"https:\/\/www.3tv.bf\/index.php\/wp-json\/wp\/v2\/types\/post"}],"author":[{"embeddable":true,"href":"https:\/\/www.3tv.bf\/index.php\/wp-json\/wp\/v2\/users\/16"}],"replies":[{"embeddable":true,"href":"https:\/\/www.3tv.bf\/index.php\/wp-json\/wp\/v2\/comments?post=1625"}],"version-history":[{"count":1,"href":"https:\/\/www.3tv.bf\/index.php\/wp-json\/wp\/v2\/posts\/1625\/revisions"}],"predecessor-version":[{"id":1626,"href":"https:\/\/www.3tv.bf\/index.php\/wp-json\/wp\/v2\/posts\/1625\/revisions\/1626"}],"wp:featuredmedia":[{"embeddable":true,"href":"https:\/\/www.3tv.bf\/index.php\/wp-json\/wp\/v2\/media\/1615"}],"wp:attachment":[{"href":"https:\/\/www.3tv.bf\/index.php\/wp-json\/wp\/v2\/media?parent=1625"}],"wp:term":[{"taxonomy":"category","embeddable":true,"href":"https:\/\/www.3tv.bf\/index.php\/wp-json\/wp\/v2\/categories?post=1625"},{"taxonomy":"post_tag","embeddable":true,"href":"https:\/\/www.3tv.bf\/index.php\/wp-json\/wp\/v2\/tags?post=1625"}],"curies":[{"name":"wp","href":"https:\/\/api.w.org\/{rel}","templated":true}]}}