{"id":1592,"date":"2025-03-15T16:02:45","date_gmt":"2025-03-15T15:02:45","guid":{"rendered":"https:\/\/www.3tv.bf\/?p=1592"},"modified":"2025-03-15T16:02:45","modified_gmt":"2025-03-15T15:02:45","slug":"burkina-attaque-de-solenzo-le-gouvernement-denonce-une-campagne-de-desinformation-sur-les-reseaux-sociaux","status":"publish","type":"post","link":"https:\/\/www.3tv.bf\/index.php\/2025\/03\/15\/burkina-attaque-de-solenzo-le-gouvernement-denonce-une-campagne-de-desinformation-sur-les-reseaux-sociaux\/","title":{"rendered":"Burkina\/Attaque de Solenzo: Le gouvernement d\u00e9nonce une campagne de d\u00e9sinformation sur les r\u00e9seaux sociaux"},"content":{"rendered":"<p><strong>Le gouvernement burkinab\u00e8 a r\u00e9agi aux r\u00e9centes informations circulant sur les r\u00e9seaux sociaux, d\u00e9non\u00e7ant une vaste campagne de d\u00e9sinformation visant \u00e0 attiser les tensions communautaires et \u00e0 discr\u00e9diter les forces de d\u00e9fense engag\u00e9es dans la lutte contre le terrorisme<\/strong>.<\/p>\n<p>Dans un communiqu\u00e9 publi\u00e9 le 15 mars 2025, les autorit\u00e9s reviennent sur les affrontements survenus le 10 mars dans la r\u00e9gion de la Boucle du Mouhoun, o\u00f9 une attaque terroriste a \u00e9t\u00e9 repouss\u00e9e par les Volontaires pour la d\u00e9fense de la patrie (VDP), soutenus par les Forces de d\u00e9fense et de s\u00e9curit\u00e9 (FDS). Plusieurs assaillants ont \u00e9t\u00e9 neutralis\u00e9s ou mis en fuite, et une base terroriste a \u00e9t\u00e9 d\u00e9mantel\u00e9e.<\/p>\n<p>Lors de cette op\u00e9ration, les forces burkinab\u00e8 ont d\u00e9couvert des civils retenus par les terroristes, parmi lesquels des femmes, des enfants et des personnes \u00e2g\u00e9es, utilis\u00e9s comme boucliers humains. Ces populations, en situation de d\u00e9tresse, ont \u00e9t\u00e9 prises en charge et transf\u00e9r\u00e9es vers un site s\u00e9curis\u00e9 pour recevoir une assistance humanitaire.<\/p>\n<p>Face \u00e0 ces \u00e9v\u00e9nements, le gouvernement appelle les populations vivant dans les zones de conflit \u00e0 se d\u00e9solidariser des groupes arm\u00e9s et \u00e0 signaler toute pr\u00e9sence suspecte. Il r\u00e9affirme sa d\u00e9termination \u00e0 poursuivre les op\u00e9rations militaires jusqu\u2019\u00e0 la lib\u00e9ration totale du territoire national.<\/p>\n","protected":false},"excerpt":{"rendered":"<p>Le gouvernement burkinab\u00e8 a r\u00e9agi aux r\u00e9centes informations circulant sur les r\u00e9seaux sociaux, d\u00e9non\u00e7ant une vaste campagne de d\u00e9sinformation visant \u00e0 attiser les tensions communautaires et \u00e0 discr\u00e9diter les forces de d\u00e9fense engag\u00e9es dans la lutte contre le terrorisme. Dans un communiqu\u00e9 publi\u00e9 le 15 mars 2025, les autorit\u00e9s reviennent sur les affrontements survenus le [&hellip;]<\/p>\n","protected":false},"author":12,"featured_media":1593,"comment_status":"open","ping_status":"open","sticky":false,"template":"","format":"standard","meta":{"advanced_seo_description":"","jetpack_seo_html_title":"","jetpack_seo_noindex":false,"_jetpack_memberships_contains_paid_content":false,"footnotes":"","jetpack_publicize_message":"","jetpack_publicize_feature_enabled":true,"jetpack_social_post_already_shared":true,"jetpack_social_options":{"image_generator_settings":{"template":"highway","default_image_id":0,"font":"","enabled":false},"version":2}},"categories":[137,7],"tags":[],"class_list":{"0":"post-1592","1":"post","2":"type-post","3":"status-publish","4":"format-standard","5":"has-post-thumbnail","7":"category-la-une","8":"category-securite"},"jetpack_publicize_connections":[],"jetpack_featured_media_url":"https:\/\/i0.wp.com\/www.3tv.bf\/wp-content\/uploads\/2025\/03\/Solenzo-12.png?fit=825%2C400&ssl=1","jetpack_shortlink":"https:\/\/wp.me\/pc7wRC-pG","jetpack_sharing_enabled":true,"_links":{"self":[{"href":"https:\/\/www.3tv.bf\/index.php\/wp-json\/wp\/v2\/posts\/1592","targetHints":{"allow":["GET"]}}],"collection":[{"href":"https:\/\/www.3tv.bf\/index.php\/wp-json\/wp\/v2\/posts"}],"about":[{"href":"https:\/\/www.3tv.bf\/index.php\/wp-json\/wp\/v2\/types\/post"}],"author":[{"embeddable":true,"href":"https:\/\/www.3tv.bf\/index.php\/wp-json\/wp\/v2\/users\/12"}],"replies":[{"embeddable":true,"href":"https:\/\/www.3tv.bf\/index.php\/wp-json\/wp\/v2\/comments?post=1592"}],"version-history":[{"count":1,"href":"https:\/\/www.3tv.bf\/index.php\/wp-json\/wp\/v2\/posts\/1592\/revisions"}],"predecessor-version":[{"id":1594,"href":"https:\/\/www.3tv.bf\/index.php\/wp-json\/wp\/v2\/posts\/1592\/revisions\/1594"}],"wp:featuredmedia":[{"embeddable":true,"href":"https:\/\/www.3tv.bf\/index.php\/wp-json\/wp\/v2\/media\/1593"}],"wp:attachment":[{"href":"https:\/\/www.3tv.bf\/index.php\/wp-json\/wp\/v2\/media?parent=1592"}],"wp:term":[{"taxonomy":"category","embeddable":true,"href":"https:\/\/www.3tv.bf\/index.php\/wp-json\/wp\/v2\/categories?post=1592"},{"taxonomy":"post_tag","embeddable":true,"href":"https:\/\/www.3tv.bf\/index.php\/wp-json\/wp\/v2\/tags?post=1592"}],"curies":[{"name":"wp","href":"https:\/\/api.w.org\/{rel}","templated":true}]}}