{"id":1524,"date":"2025-03-05T20:00:17","date_gmt":"2025-03-05T19:00:17","guid":{"rendered":"https:\/\/www.3tv.bf\/?p=1524"},"modified":"2025-03-05T20:16:17","modified_gmt":"2025-03-05T19:16:17","slug":"compte-rendu-du-conseil-des-ministres-du-05-mars-2025-le-gouvernement-cree-la-maison-de-lentreprise-du-burkina-faso-etablissement-public-de-letat-a-caractere-professionnel","status":"publish","type":"post","link":"https:\/\/www.3tv.bf\/index.php\/2025\/03\/05\/compte-rendu-du-conseil-des-ministres-du-05-mars-2025-le-gouvernement-cree-la-maison-de-lentreprise-du-burkina-faso-etablissement-public-de-letat-a-caractere-professionnel\/","title":{"rendered":"Compte-rendu du Conseil des ministres du 05 mars 2025 : Le gouvernement cr\u00e9e la Maison de l\u2019Entreprise du Burkina Faso, \u00e9tablissement public de l&rsquo;\u00c9tat \u00e0 caract\u00e8re professionnel."},"content":{"rendered":"<p>&nbsp;<\/p>\n<p><img data-recalc-dims=\"1\" loading=\"lazy\" decoding=\"async\" data-attachment-id=\"1526\" data-permalink=\"https:\/\/www.3tv.bf\/index.php\/2025\/03\/05\/compte-rendu-du-conseil-des-ministres-du-05-mars-2025-le-gouvernement-cree-la-maison-de-lentreprise-du-burkina-faso-etablissement-public-de-letat-a-caractere-professionnel\/482055671_1047088720793273_7035223957290391127_n\/\" data-orig-file=\"https:\/\/i0.wp.com\/www.3tv.bf\/wp-content\/uploads\/2025\/03\/482055671_1047088720793273_7035223957290391127_n.jpg?fit=1080%2C895&amp;ssl=1\" data-orig-size=\"1080,895\" data-comments-opened=\"1\" data-image-meta=\"{&quot;aperture&quot;:&quot;0&quot;,&quot;credit&quot;:&quot;&quot;,&quot;camera&quot;:&quot;&quot;,&quot;caption&quot;:&quot;&quot;,&quot;created_timestamp&quot;:&quot;0&quot;,&quot;copyright&quot;:&quot;&quot;,&quot;focal_length&quot;:&quot;0&quot;,&quot;iso&quot;:&quot;0&quot;,&quot;shutter_speed&quot;:&quot;0&quot;,&quot;title&quot;:&quot;&quot;,&quot;orientation&quot;:&quot;0&quot;}\" data-image-title=\"482055671_1047088720793273_7035223957290391127_n\" data-image-description=\"\" data-image-caption=\"\" data-large-file=\"https:\/\/i0.wp.com\/www.3tv.bf\/wp-content\/uploads\/2025\/03\/482055671_1047088720793273_7035223957290391127_n.jpg?fit=696%2C577&amp;ssl=1\" class=\"size-medium wp-image-1526 alignleft\" src=\"https:\/\/i0.wp.com\/www.3tv.bf\/wp-content\/uploads\/2025\/03\/482055671_1047088720793273_7035223957290391127_n.jpg?resize=300%2C249&#038;ssl=1\" alt=\"\" width=\"300\" height=\"249\" srcset=\"https:\/\/i0.wp.com\/www.3tv.bf\/wp-content\/uploads\/2025\/03\/482055671_1047088720793273_7035223957290391127_n.jpg?resize=300%2C249&amp;ssl=1 300w, https:\/\/i0.wp.com\/www.3tv.bf\/wp-content\/uploads\/2025\/03\/482055671_1047088720793273_7035223957290391127_n.jpg?resize=1024%2C849&amp;ssl=1 1024w, https:\/\/i0.wp.com\/www.3tv.bf\/wp-content\/uploads\/2025\/03\/482055671_1047088720793273_7035223957290391127_n.jpg?resize=768%2C636&amp;ssl=1 768w, https:\/\/i0.wp.com\/www.3tv.bf\/wp-content\/uploads\/2025\/03\/482055671_1047088720793273_7035223957290391127_n.jpg?resize=150%2C124&amp;ssl=1 150w, https:\/\/i0.wp.com\/www.3tv.bf\/wp-content\/uploads\/2025\/03\/482055671_1047088720793273_7035223957290391127_n.jpg?resize=696%2C577&amp;ssl=1 696w, https:\/\/i0.wp.com\/www.3tv.bf\/wp-content\/uploads\/2025\/03\/482055671_1047088720793273_7035223957290391127_n.jpg?resize=1068%2C885&amp;ssl=1 1068w, https:\/\/i0.wp.com\/www.3tv.bf\/wp-content\/uploads\/2025\/03\/482055671_1047088720793273_7035223957290391127_n.jpg?w=1080&amp;ssl=1 1080w\" sizes=\"auto, (max-width: 300px) 100vw, 300px\" \/>Le Pr\u00e9sident du Faso, Chef de l\u2019\u00c9tat, le Capitaine Ibrahim TRAOR\u00c9, a pr\u00e9sid\u00e9 ce mercredi le Conseil des ministres, au cours duquel plusieurs dossiers ont \u00e9t\u00e9 examin\u00e9s et d\u2019importantes d\u00e9cisions prises pour la bonne marche de la Nation, selon le ministre Porte-parole du Gouvernement, Pingdwend\u00e9 Gilbert OU\u00c9DRAOGO.<\/p>\n<p>&nbsp;<\/p>\n<p>&nbsp;<\/p>\n<p>1. Pour le compte du minist\u00e8re de l&rsquo;Industrie, du Commerce et de l\u2019Artisanat, le Conseil a adopt\u00e9 trois d\u00e9crets :<\/p>\n<p>-Dissolution sans liquidation de l&rsquo;ancienne Maison de l&rsquo;Entreprise du Burkina Faso (entit\u00e9 associative).<img data-recalc-dims=\"1\" loading=\"lazy\" decoding=\"async\" data-attachment-id=\"1527\" data-permalink=\"https:\/\/www.3tv.bf\/index.php\/2025\/03\/05\/compte-rendu-du-conseil-des-ministres-du-05-mars-2025-le-gouvernement-cree-la-maison-de-lentreprise-du-burkina-faso-etablissement-public-de-letat-a-caractere-professionnel\/481896988_1047088754126603_5028077206770058560_n\/\" data-orig-file=\"https:\/\/i0.wp.com\/www.3tv.bf\/wp-content\/uploads\/2025\/03\/481896988_1047088754126603_5028077206770058560_n.jpg?fit=1080%2C884&amp;ssl=1\" data-orig-size=\"1080,884\" data-comments-opened=\"1\" data-image-meta=\"{&quot;aperture&quot;:&quot;0&quot;,&quot;credit&quot;:&quot;&quot;,&quot;camera&quot;:&quot;&quot;,&quot;caption&quot;:&quot;&quot;,&quot;created_timestamp&quot;:&quot;0&quot;,&quot;copyright&quot;:&quot;&quot;,&quot;focal_length&quot;:&quot;0&quot;,&quot;iso&quot;:&quot;0&quot;,&quot;shutter_speed&quot;:&quot;0&quot;,&quot;title&quot;:&quot;&quot;,&quot;orientation&quot;:&quot;0&quot;}\" data-image-title=\"481896988_1047088754126603_5028077206770058560_n\" data-image-description=\"\" data-image-caption=\"\" data-large-file=\"https:\/\/i0.wp.com\/www.3tv.bf\/wp-content\/uploads\/2025\/03\/481896988_1047088754126603_5028077206770058560_n.jpg?fit=696%2C570&amp;ssl=1\" class=\"size-medium wp-image-1527 aligncenter\" src=\"https:\/\/i0.wp.com\/www.3tv.bf\/wp-content\/uploads\/2025\/03\/481896988_1047088754126603_5028077206770058560_n.jpg?resize=300%2C246&#038;ssl=1\" alt=\"\" width=\"300\" height=\"246\" srcset=\"https:\/\/i0.wp.com\/www.3tv.bf\/wp-content\/uploads\/2025\/03\/481896988_1047088754126603_5028077206770058560_n.jpg?resize=300%2C246&amp;ssl=1 300w, https:\/\/i0.wp.com\/www.3tv.bf\/wp-content\/uploads\/2025\/03\/481896988_1047088754126603_5028077206770058560_n.jpg?resize=1024%2C838&amp;ssl=1 1024w, https:\/\/i0.wp.com\/www.3tv.bf\/wp-content\/uploads\/2025\/03\/481896988_1047088754126603_5028077206770058560_n.jpg?resize=768%2C629&amp;ssl=1 768w, https:\/\/i0.wp.com\/www.3tv.bf\/wp-content\/uploads\/2025\/03\/481896988_1047088754126603_5028077206770058560_n.jpg?resize=150%2C123&amp;ssl=1 150w, https:\/\/i0.wp.com\/www.3tv.bf\/wp-content\/uploads\/2025\/03\/481896988_1047088754126603_5028077206770058560_n.jpg?resize=696%2C570&amp;ssl=1 696w, https:\/\/i0.wp.com\/www.3tv.bf\/wp-content\/uploads\/2025\/03\/481896988_1047088754126603_5028077206770058560_n.jpg?resize=1068%2C874&amp;ssl=1 1068w, https:\/\/i0.wp.com\/www.3tv.bf\/wp-content\/uploads\/2025\/03\/481896988_1047088754126603_5028077206770058560_n.jpg?w=1080&amp;ssl=1 1080w\" sizes=\"auto, (max-width: 300px) 100vw, 300px\" \/><\/p>\n<p>-Cr\u00e9ation d&rsquo;un \u00e9tablissement public de l&rsquo;\u00c9tat \u00e0 caract\u00e8re professionnel d\u00e9nomm\u00e9 Maison de l&rsquo;Entreprise du Burkina Faso.<\/p>\n<p>-Approbation des statuts particuliers de la nouvelle entit\u00e9.<\/p>\n<p>Les Innovations majeures : mise en place du Club des entrepreneurs du Burkina Faso et cr\u00e9ation d&rsquo;une Assembl\u00e9e g\u00e9n\u00e9rale et d&rsquo;un Conseil d&rsquo;administration compos\u00e9 exclusivement de repr\u00e9sentants de l&rsquo;administration.<\/p>\n<p>2. Au titre du minist\u00e8re des Infrastructures et du D\u00e9senclavement le Conseil a adopt\u00e9 deux rapports:<\/p>\n<p><img data-recalc-dims=\"1\" loading=\"lazy\" decoding=\"async\" data-attachment-id=\"1528\" data-permalink=\"https:\/\/www.3tv.bf\/index.php\/2025\/03\/05\/compte-rendu-du-conseil-des-ministres-du-05-mars-2025-le-gouvernement-cree-la-maison-de-lentreprise-du-burkina-faso-etablissement-public-de-letat-a-caractere-professionnel\/482027211_1047088860793259_7772292144829134066_n\/\" data-orig-file=\"https:\/\/i0.wp.com\/www.3tv.bf\/wp-content\/uploads\/2025\/03\/482027211_1047088860793259_7772292144829134066_n.jpg?fit=1080%2C861&amp;ssl=1\" data-orig-size=\"1080,861\" data-comments-opened=\"1\" data-image-meta=\"{&quot;aperture&quot;:&quot;0&quot;,&quot;credit&quot;:&quot;&quot;,&quot;camera&quot;:&quot;&quot;,&quot;caption&quot;:&quot;&quot;,&quot;created_timestamp&quot;:&quot;0&quot;,&quot;copyright&quot;:&quot;&quot;,&quot;focal_length&quot;:&quot;0&quot;,&quot;iso&quot;:&quot;0&quot;,&quot;shutter_speed&quot;:&quot;0&quot;,&quot;title&quot;:&quot;&quot;,&quot;orientation&quot;:&quot;0&quot;}\" data-image-title=\"482027211_1047088860793259_7772292144829134066_n\" data-image-description=\"\" data-image-caption=\"\" data-large-file=\"https:\/\/i0.wp.com\/www.3tv.bf\/wp-content\/uploads\/2025\/03\/482027211_1047088860793259_7772292144829134066_n.jpg?fit=696%2C555&amp;ssl=1\" class=\"size-medium wp-image-1528 alignright\" src=\"https:\/\/i0.wp.com\/www.3tv.bf\/wp-content\/uploads\/2025\/03\/482027211_1047088860793259_7772292144829134066_n.jpg?resize=300%2C239&#038;ssl=1\" alt=\"\" width=\"300\" height=\"239\" srcset=\"https:\/\/i0.wp.com\/www.3tv.bf\/wp-content\/uploads\/2025\/03\/482027211_1047088860793259_7772292144829134066_n.jpg?resize=300%2C239&amp;ssl=1 300w, https:\/\/i0.wp.com\/www.3tv.bf\/wp-content\/uploads\/2025\/03\/482027211_1047088860793259_7772292144829134066_n.jpg?resize=1024%2C816&amp;ssl=1 1024w, https:\/\/i0.wp.com\/www.3tv.bf\/wp-content\/uploads\/2025\/03\/482027211_1047088860793259_7772292144829134066_n.jpg?resize=768%2C612&amp;ssl=1 768w, https:\/\/i0.wp.com\/www.3tv.bf\/wp-content\/uploads\/2025\/03\/482027211_1047088860793259_7772292144829134066_n.jpg?resize=150%2C120&amp;ssl=1 150w, https:\/\/i0.wp.com\/www.3tv.bf\/wp-content\/uploads\/2025\/03\/482027211_1047088860793259_7772292144829134066_n.jpg?resize=696%2C555&amp;ssl=1 696w, https:\/\/i0.wp.com\/www.3tv.bf\/wp-content\/uploads\/2025\/03\/482027211_1047088860793259_7772292144829134066_n.jpg?resize=1068%2C851&amp;ssl=1 1068w, https:\/\/i0.wp.com\/www.3tv.bf\/wp-content\/uploads\/2025\/03\/482027211_1047088860793259_7772292144829134066_n.jpg?w=1080&amp;ssl=1 1080w\" sizes=\"auto, (max-width: 300px) 100vw, 300px\" \/>-Validation de la fiche synoptique du projet Sikasso-Korogho-Bobo-Dioulasso (SKBO), qui vise la construction d&rsquo;infrastructures routi\u00e8res strat\u00e9giques.<\/p>\n<p>-Validation du projet de r\u00e9habilitation des infrastructures de soutien \u00e0 l&rsquo;\u00e9conomie, comprenant :<\/p>\n<p>Construction de pistes rurales.<\/p>\n<p>Entrep\u00f4ts pour la SONAGESS.<\/p>\n<p>Bitumage de la route nationale RN11 Banfora-Sid\u00e9radougou-Ouo (115 km).<\/p>\n<p>Suite de la RN11 Ouo-Gaoua (78 km).<\/p>\n<p>R\u00e9habilitation des routes Garango-Tenkodogo et Nioryida-Guiba-Manga.<\/p>\n<p>Construction de la route r\u00e9gionale RR11 Bouss\u00e9-Kordi\u00e9.<\/p>\n<p>&nbsp;<\/p>\n<p>\u200e\u2666\ufe0f3\ud835\ude4f\ud835\ude51 \u2013 \ud835\ude52\ud835\ude3c\ud835\ude4f \ud835\ude41\ud835\ude48<\/p>\n<p>\ud835\udc46\ud835\udc62\ud835\udc56\ud835\udc63\ud835\udc52\ud835\udc67 \ud835\udc59\ud835\udc52 \ud835\udc53\ud835\udc56\ud835\udc59 \ud835\udc51\ud835\udc52 \ud835\udc59\u2019\ud835\udc4e\ud835\udc50\ud835\udc61\ud835\udc62\ud835\udc4e\ud835\udc59\ud835\udc56\ud835\udc61\u00e9 \ud835\udc63\ud835\udc56\ud835\udc4e \ud835\udc46\ud835\udc40\ud835\udc46 \ud835\udc52\ud835\udc5b \ud835\udc50\ud835\udc5c\ud835\udc5a\ud835\udc5d\ud835\udc5c\ud835\udc60\ud835\udc4e\ud835\udc5b\ud835\udc61 *335*4#<\/p>\n","protected":false},"excerpt":{"rendered":"<p>&nbsp; Le Pr\u00e9sident du Faso, Chef de l\u2019\u00c9tat, le Capitaine Ibrahim TRAOR\u00c9, a pr\u00e9sid\u00e9 ce mercredi le Conseil des ministres, au cours duquel plusieurs dossiers ont \u00e9t\u00e9 examin\u00e9s et d\u2019importantes d\u00e9cisions prises pour la bonne marche de la Nation, selon le ministre Porte-parole du Gouvernement, Pingdwend\u00e9 Gilbert OU\u00c9DRAOGO. &nbsp; &nbsp; 1. Pour le compte du [&hellip;]<\/p>\n","protected":false},"author":16,"featured_media":1525,"comment_status":"open","ping_status":"open","sticky":false,"template":"","format":"standard","meta":{"advanced_seo_description":"","jetpack_seo_html_title":"","jetpack_seo_noindex":false,"_jetpack_memberships_contains_paid_content":false,"footnotes":"","jetpack_publicize_message":"","jetpack_publicize_feature_enabled":true,"jetpack_social_post_already_shared":true,"jetpack_social_options":{"image_generator_settings":{"template":"highway","default_image_id":0,"font":"","enabled":false},"version":2}},"categories":[3],"tags":[],"class_list":{"0":"post-1524","1":"post","2":"type-post","3":"status-publish","4":"format-standard","5":"has-post-thumbnail","7":"category-politique"},"jetpack_publicize_connections":[],"jetpack_featured_media_url":"https:\/\/i0.wp.com\/www.3tv.bf\/wp-content\/uploads\/2025\/03\/481357581_1046797527489059_2273353959643443974_n.jpg?fit=1080%2C720&ssl=1","jetpack_shortlink":"https:\/\/wp.me\/pc7wRC-oA","jetpack_sharing_enabled":true,"_links":{"self":[{"href":"https:\/\/www.3tv.bf\/index.php\/wp-json\/wp\/v2\/posts\/1524","targetHints":{"allow":["GET"]}}],"collection":[{"href":"https:\/\/www.3tv.bf\/index.php\/wp-json\/wp\/v2\/posts"}],"about":[{"href":"https:\/\/www.3tv.bf\/index.php\/wp-json\/wp\/v2\/types\/post"}],"author":[{"embeddable":true,"href":"https:\/\/www.3tv.bf\/index.php\/wp-json\/wp\/v2\/users\/16"}],"replies":[{"embeddable":true,"href":"https:\/\/www.3tv.bf\/index.php\/wp-json\/wp\/v2\/comments?post=1524"}],"version-history":[{"count":3,"href":"https:\/\/www.3tv.bf\/index.php\/wp-json\/wp\/v2\/posts\/1524\/revisions"}],"predecessor-version":[{"id":1531,"href":"https:\/\/www.3tv.bf\/index.php\/wp-json\/wp\/v2\/posts\/1524\/revisions\/1531"}],"wp:featuredmedia":[{"embeddable":true,"href":"https:\/\/www.3tv.bf\/index.php\/wp-json\/wp\/v2\/media\/1525"}],"wp:attachment":[{"href":"https:\/\/www.3tv.bf\/index.php\/wp-json\/wp\/v2\/media?parent=1524"}],"wp:term":[{"taxonomy":"category","embeddable":true,"href":"https:\/\/www.3tv.bf\/index.php\/wp-json\/wp\/v2\/categories?post=1524"},{"taxonomy":"post_tag","embeddable":true,"href":"https:\/\/www.3tv.bf\/index.php\/wp-json\/wp\/v2\/tags?post=1524"}],"curies":[{"name":"wp","href":"https:\/\/api.w.org\/{rel}","templated":true}]}}