{"id":1409,"date":"2025-02-19T18:36:20","date_gmt":"2025-02-19T17:36:20","guid":{"rendered":"https:\/\/www.3tv.bf\/?p=1409"},"modified":"2025-02-19T18:36:20","modified_gmt":"2025-02-19T17:36:20","slug":"burkina-faso-coris-invest-group-devient-proprietaire-de-totalenergies-burkina","status":"publish","type":"post","link":"https:\/\/www.3tv.bf\/index.php\/2025\/02\/19\/burkina-faso-coris-invest-group-devient-proprietaire-de-totalenergies-burkina\/","title":{"rendered":"Burkina Faso : Coris Invest Group devient propri\u00e9taire de TotalEnergies Burkina"},"content":{"rendered":"<p><strong>Le groupe burkinab\u00e8 Coris Invest Group, dirig\u00e9 par Idrissa Nassa, a officiellement acquis TotalEnergies Burkina, marquant ainsi un tournant majeur dans le secteur de l\u2019\u00e9nergie au Burkina Faso.<\/strong><\/p>\n<p>Ce mardi 18 f\u00e9vrier 2025, une d\u00e9l\u00e9gation de TotalEnergies, conduite par Badara Mback\u00e9, responsable du d\u00e9veloppement commercial pour l\u2019Afrique de l\u2019Ouest, a \u00e9t\u00e9 re\u00e7ue par le ministre de l\u2019Industrie, du Commerce et de l\u2019Artisanat, Serge Poda.<\/p>\n<p>L\u2019objectif de cette rencontre \u00e9tait d\u2019informer les autorit\u00e9s de la cession des actifs de TotalEnergies Burkina \u00e0 Coris Invest Group. \u00c0 l\u2019issue de l\u2019audience, Badara Mback\u00e9 a soulign\u00e9 que cette transition permettra \u00e0 une entreprise burkinab\u00e8 d\u2019assurer la continuit\u00e9 des op\u00e9rations pour mieux r\u00e9pondre aux besoins des clients, qu\u2019ils soient industriels ou particuliers.<\/p>\n","protected":false},"excerpt":{"rendered":"<p>Le groupe burkinab\u00e8 Coris Invest Group, dirig\u00e9 par Idrissa Nassa, a officiellement acquis TotalEnergies Burkina, marquant ainsi un tournant majeur dans le secteur de l\u2019\u00e9nergie au Burkina Faso. Ce mardi 18 f\u00e9vrier 2025, une d\u00e9l\u00e9gation de TotalEnergies, conduite par Badara Mback\u00e9, responsable du d\u00e9veloppement commercial pour l\u2019Afrique de l\u2019Ouest, a \u00e9t\u00e9 re\u00e7ue par le ministre [&hellip;]<\/p>\n","protected":false},"author":13,"featured_media":1410,"comment_status":"open","ping_status":"open","sticky":false,"template":"","format":"standard","meta":{"advanced_seo_description":"","jetpack_seo_html_title":"","jetpack_seo_noindex":false,"_jetpack_memberships_contains_paid_content":false,"footnotes":"","jetpack_publicize_message":"","jetpack_publicize_feature_enabled":true,"jetpack_social_post_already_shared":true,"jetpack_social_options":{"image_generator_settings":{"template":"highway","default_image_id":0,"font":"","enabled":false},"version":2}},"categories":[3],"tags":[],"class_list":{"0":"post-1409","1":"post","2":"type-post","3":"status-publish","4":"format-standard","5":"has-post-thumbnail","7":"category-politique"},"jetpack_publicize_connections":[],"jetpack_featured_media_url":"https:\/\/i0.wp.com\/www.3tv.bf\/wp-content\/uploads\/2025\/02\/Idrissa-nassa-total-energies.jpeg?fit=904%2C1280&ssl=1","jetpack_shortlink":"https:\/\/wp.me\/pc7wRC-mJ","jetpack_sharing_enabled":true,"_links":{"self":[{"href":"https:\/\/www.3tv.bf\/index.php\/wp-json\/wp\/v2\/posts\/1409","targetHints":{"allow":["GET"]}}],"collection":[{"href":"https:\/\/www.3tv.bf\/index.php\/wp-json\/wp\/v2\/posts"}],"about":[{"href":"https:\/\/www.3tv.bf\/index.php\/wp-json\/wp\/v2\/types\/post"}],"author":[{"embeddable":true,"href":"https:\/\/www.3tv.bf\/index.php\/wp-json\/wp\/v2\/users\/13"}],"replies":[{"embeddable":true,"href":"https:\/\/www.3tv.bf\/index.php\/wp-json\/wp\/v2\/comments?post=1409"}],"version-history":[{"count":1,"href":"https:\/\/www.3tv.bf\/index.php\/wp-json\/wp\/v2\/posts\/1409\/revisions"}],"predecessor-version":[{"id":1411,"href":"https:\/\/www.3tv.bf\/index.php\/wp-json\/wp\/v2\/posts\/1409\/revisions\/1411"}],"wp:featuredmedia":[{"embeddable":true,"href":"https:\/\/www.3tv.bf\/index.php\/wp-json\/wp\/v2\/media\/1410"}],"wp:attachment":[{"href":"https:\/\/www.3tv.bf\/index.php\/wp-json\/wp\/v2\/media?parent=1409"}],"wp:term":[{"taxonomy":"category","embeddable":true,"href":"https:\/\/www.3tv.bf\/index.php\/wp-json\/wp\/v2\/categories?post=1409"},{"taxonomy":"post_tag","embeddable":true,"href":"https:\/\/www.3tv.bf\/index.php\/wp-json\/wp\/v2\/tags?post=1409"}],"curies":[{"name":"wp","href":"https:\/\/api.w.org\/{rel}","templated":true}]}}