{"id":1407,"date":"2025-02-19T20:12:22","date_gmt":"2025-02-19T19:12:22","guid":{"rendered":"https:\/\/www.3tv.bf\/?p=1407"},"modified":"2025-02-19T20:37:30","modified_gmt":"2025-02-19T19:37:30","slug":"compte-rendu-du-conseil-des-ministres-du-mercredi-19-fevrier-2025","status":"publish","type":"post","link":"https:\/\/www.3tv.bf\/index.php\/2025\/02\/19\/compte-rendu-du-conseil-des-ministres-du-mercredi-19-fevrier-2025\/","title":{"rendered":"COMPTE RENDU DU CONSEIL DES MINISTRES DU MERCREDI 19 FEVRIER 2025."},"content":{"rendered":"<p style=\"text-align: center;\">I. DELIBERATIONS<\/p>\n<p style=\"text-align: center;\">I.1. AU TITRE DU MINISTERE DE L\u2019ECONOMIE ET DES FINANCES<\/p>\n<p style=\"text-align: center;\">Le Conseil a adopt\u00e9 un rapport relatif \u00e0 la signature d\u2019un accord-cadre entre l\u2019Etat burkinab\u00e8 et la soci\u00e9t\u00e9 \u00ab Horizon industries \u00bb pour l\u2019acquisition d\u2019\u00e9quipements informatiques.<\/p>\n<p style=\"text-align: center;\">Le pr\u00e9sent accord-cadre permettra entre autres, de :<\/p>\n<p style=\"text-align: center;\">&#8211; favoriser l\u2019\u00e9mergence de champions nationaux dans divers secteurs de l\u2019industrie dont celui des technologies de l\u2019information et de la communication ;<\/p>\n<p style=\"text-align: center;\">&#8211; garantir l\u2019\u00e9coulement et la promotion des produits de l\u2019usine naissante \u00e0 travers la commande publique ;<\/p>\n<p style=\"text-align: center;\">&#8211; r\u00e9aliser au profit de l\u2019Etat des \u00e9conomies d\u2019\u00e9chelle \u00e0 travers des achats group\u00e9s ;<\/p>\n<p style=\"text-align: center;\">&#8211; satisfaire aux besoins de l\u2019Etat tout en profitant des \u00e9volutions technologiques ;<\/p>\n<p style=\"text-align: center;\">&#8211; garantir \u00e0 la soci\u00e9t\u00e9 \u00ab Horizon industries \u00bb une base d\u2019engagement aupr\u00e8s de ses partenaires techniques et financiers pour le d\u00e9veloppement et l\u2019extension de l\u2019usine.<\/p>\n<p style=\"text-align: center;\">L\u2019adoption de ce rapport permet la signature d\u2019un accord-cadre entre l\u2019Etat burkinab\u00e8 et la soci\u00e9t\u00e9 \u00ab Horizon industries \u00bb pour l\u2019acquisition d\u2019\u00e9quipements informatiques au profit de l\u2019administration publique.<\/p>\n<p style=\"text-align: center;\">I.2. AU TITRE DU MINISTERE DES AFFAIRES ETRANGERES, DE LA COOPERATION REGIONALE ET DES BURKINABE DE L\u2019EXTERIEUR :<\/p>\n<p style=\"text-align: center;\">Le Conseil a adopt\u00e9 trois (03) rapports :<\/p>\n<p style=\"text-align: center;\">-Le premier rapport est relatif \u00e0 une demande d\u2019agr\u00e9ment pour la nomination d\u2019un Ambassadeur Extraordinaire et Pl\u00e9nipotentiaire de la R\u00e9publique alg\u00e9rienne d\u00e9mocratique et populaire aupr\u00e8s du Burkina Faso.<\/p>\n<p style=\"text-align: center;\">Le Conseil a marqu\u00e9 son accord pour la nomination de Monsieur Cherif HACENE, en qualit\u00e9 d\u2019Ambassadeur Extraordinaire et Pl\u00e9nipotentiaire de la R\u00e9publique alg\u00e9rienne d\u00e9mocratique et populaire aupr\u00e8s du Burkina Faso, avec r\u00e9sidence \u00e0 Ouagadougou.<\/p>\n<p style=\"text-align: center;\">-Le deuxi\u00e8me rapport est relatif \u00e0 une demande d\u2019agr\u00e9ment pour la nomination d\u2019un Ambassadeur Extraordinaire et Pl\u00e9nipotentiaire de la R\u00e9publique Dominicaine aupr\u00e8s du Burkina Faso.<\/p>\n<p style=\"text-align: center;\">Le Conseil a marqu\u00e9 son accord pour la nomination de Monsieur Julio Amaury Justo DUARTE, en qualit\u00e9 d\u2019Ambassadeur Extraordinaire et Pl\u00e9nipotentiaire de la R\u00e9publique Dominicaine aupr\u00e8s du Burkina Faso, avec r\u00e9sidence \u00e0 Rabat, au Royaume du Maroc.<\/p>\n<p style=\"text-align: center;\">-Le troisi\u00e8me rapport est relatif \u00e0 un projet de d\u00e9cret portant nomination d\u2019un Consul honoraire du Burkina Faso \u00e0 Houston, aux Etats-Unis d\u2019Am\u00e9rique.<\/p>\n<p style=\"text-align: center;\">L\u2019adoption de ce d\u00e9cret permet la nomination de Monsieur Windpouire Ghislain Isidore KIENTEGA, en qualit\u00e9 de Consul honoraire du Burkina Faso \u00e0 Houston, aux Etats-Unis d\u2019Am\u00e9rique, conform\u00e9ment au d\u00e9cret n\u00b02024-0453\/PRES-TRANS\/PM\/MAECRBE\/MEFP du 17 avril 2024 portant r\u00e8glementation de l\u2019ouverture des postes consulaires honoraires et de l\u2019exercice de la fonction de Consul honoraire du Burkina Faso \u00e0 l\u2019\u00e9tranger.<\/p>\n<p style=\"text-align: center;\">I.3. AU TITRE DU MINISTERE DE LA JUSTICE ET DES DROITS HUMAINS, CHARGE DES RELATIONS AVEC LES INSTITUTIONS<br \/>\nLe Conseil a adopt\u00e9 deux (02) d\u00e9crets.<\/p>\n<p style=\"text-align: center;\">-Le premier d\u00e9cret porte nomination de Membres de la Commission de l\u2019informatique et des libert\u00e9s (CIL).<\/p>\n<p style=\"text-align: center;\">\nL\u2019adoption de ce d\u00e9cret permet la nomination de deux (02) Membres \u00e0 la Commission de l\u2019informatique et des libert\u00e9s, conform\u00e9ment \u00e0 la loi n\u00b0001-2021\/AN du 30 mars 2021 portant protection des personnes \u00e0 l\u2019\u00e9gard du traitement des donn\u00e9es \u00e0 caract\u00e8re personnel.<\/p>\n<p style=\"text-align: center;\">-Le second d\u00e9cret porte renouvellement de mandats de Membres de la Commission de l\u2019informatique et des libert\u00e9s (CIL).<\/p>\n<p style=\"text-align: center;\">L\u2019adoption de ce d\u00e9cret permet le renouvellement de mandats de deux (02) Membres \u00e0 la Commission de l\u2019informatique et des libert\u00e9s, conform\u00e9ment \u00e0 la loi n\u00b0001-2021\/AN du 30 mars 2021 portant protection des personnes \u00e0 l\u2019\u00e9gard du traitement des donn\u00e9es \u00e0 caract\u00e8re personnel.<\/p>\n<p style=\"text-align: center;\">COMMUNICATION ORALE<\/p>\n<p style=\"text-align: center;\">Le ministre de l\u2019Industrie, du commerce et de l\u2019artisanat a fait au Conseil le bilan \u00e0 mi-parcours de la campagne cotonni\u00e8re 2024\/2025.<\/p>\n<p style=\"text-align: center;\">En d\u00e9pit d\u2019une subvention de 39,512 milliards F CFA visant \u00e0 rendre les intrants accessibles aux producteurs, (10,979 milliards F CFA consentis par l&rsquo;Etat, 1,456 milliards F CFA support\u00e9 par l&rsquo;Association Interprofessionnelle du Coton du Burkina et 27,077 milliards F CFA support\u00e9s par les soci\u00e9t\u00e9s cotonni\u00e8res), les r\u00e9sultats provisoires de la campagne 2024\/2025 au titre du coton conventionnel en fin janvier 2025 s\u2019\u00e9tablissent \u00e0 286 623 tonnes contre 386 794 tonnes en 2023\/2024.<\/p>\n<p style=\"text-align: center;\">Ce niveau de production ressortirait en baisse de 26% par rapport \u00e0 celle de la campagne 2023\/2024. Par contre, le rendement moyen connaitrait une am\u00e9lioration et s\u2019\u00e9tablirait \u00e0 827 kg\/ha.<\/p>\n<p>Pour la production sp\u00e9cifique du coton graine biologique, le volume pr\u00e9visionnel attendu est de 942 tonnes avec un rendement moyen attendu de 372 kg\/ha.<\/p>\n","protected":false},"excerpt":{"rendered":"<p>I. DELIBERATIONS I.1. AU TITRE DU MINISTERE DE L\u2019ECONOMIE ET DES FINANCES Le Conseil a adopt\u00e9 un rapport relatif \u00e0 la signature d\u2019un accord-cadre entre l\u2019Etat burkinab\u00e8 et la soci\u00e9t\u00e9 \u00ab Horizon industries \u00bb pour l\u2019acquisition d\u2019\u00e9quipements informatiques. Le pr\u00e9sent accord-cadre permettra entre autres, de : &#8211; favoriser l\u2019\u00e9mergence de champions nationaux dans divers secteurs [&hellip;]<\/p>\n","protected":false},"author":16,"featured_media":1413,"comment_status":"open","ping_status":"open","sticky":false,"template":"","format":"standard","meta":{"advanced_seo_description":"","jetpack_seo_html_title":"","jetpack_seo_noindex":false,"_jetpack_memberships_contains_paid_content":false,"footnotes":"","jetpack_publicize_message":"","jetpack_publicize_feature_enabled":true,"jetpack_social_post_already_shared":true,"jetpack_social_options":{"image_generator_settings":{"template":"highway","default_image_id":0,"font":"","enabled":false},"version":2}},"categories":[3],"tags":[],"class_list":{"0":"post-1407","1":"post","2":"type-post","3":"status-publish","4":"format-standard","5":"has-post-thumbnail","7":"category-politique"},"jetpack_publicize_connections":[],"jetpack_featured_media_url":"https:\/\/i0.wp.com\/www.3tv.bf\/wp-content\/uploads\/2025\/02\/480556741_1075934871240430_762712149762963051_n.jpg?fit=1080%2C720&ssl=1","jetpack_shortlink":"https:\/\/wp.me\/pc7wRC-mH","jetpack_sharing_enabled":true,"_links":{"self":[{"href":"https:\/\/www.3tv.bf\/index.php\/wp-json\/wp\/v2\/posts\/1407","targetHints":{"allow":["GET"]}}],"collection":[{"href":"https:\/\/www.3tv.bf\/index.php\/wp-json\/wp\/v2\/posts"}],"about":[{"href":"https:\/\/www.3tv.bf\/index.php\/wp-json\/wp\/v2\/types\/post"}],"author":[{"embeddable":true,"href":"https:\/\/www.3tv.bf\/index.php\/wp-json\/wp\/v2\/users\/16"}],"replies":[{"embeddable":true,"href":"https:\/\/www.3tv.bf\/index.php\/wp-json\/wp\/v2\/comments?post=1407"}],"version-history":[{"count":3,"href":"https:\/\/www.3tv.bf\/index.php\/wp-json\/wp\/v2\/posts\/1407\/revisions"}],"predecessor-version":[{"id":1416,"href":"https:\/\/www.3tv.bf\/index.php\/wp-json\/wp\/v2\/posts\/1407\/revisions\/1416"}],"wp:featuredmedia":[{"embeddable":true,"href":"https:\/\/www.3tv.bf\/index.php\/wp-json\/wp\/v2\/media\/1413"}],"wp:attachment":[{"href":"https:\/\/www.3tv.bf\/index.php\/wp-json\/wp\/v2\/media?parent=1407"}],"wp:term":[{"taxonomy":"category","embeddable":true,"href":"https:\/\/www.3tv.bf\/index.php\/wp-json\/wp\/v2\/categories?post=1407"},{"taxonomy":"post_tag","embeddable":true,"href":"https:\/\/www.3tv.bf\/index.php\/wp-json\/wp\/v2\/tags?post=1407"}],"curies":[{"name":"wp","href":"https:\/\/api.w.org\/{rel}","templated":true}]}}