{"id":1264,"date":"2025-02-07T20:14:29","date_gmt":"2025-02-07T19:14:29","guid":{"rendered":"https:\/\/www.3tv.bf\/?p=1264"},"modified":"2025-02-07T20:57:54","modified_gmt":"2025-02-07T19:57:54","slug":"fond-de-soutien-patriotique-plus-de-8-000-000-de-fcfa-mobilises-lors-de-cette-premiere-ceremonie-de-reception-des-dons-de-2025","status":"publish","type":"post","link":"https:\/\/www.3tv.bf\/index.php\/2025\/02\/07\/fond-de-soutien-patriotique-plus-de-8-000-000-de-fcfa-mobilises-lors-de-cette-premiere-ceremonie-de-reception-des-dons-de-2025\/","title":{"rendered":"Fonds de soutien patriotique : Plus de 8 000 000 de FCFA mobilis\u00e9s lors de cette premi\u00e8re c\u00e9r\u00e9monie de r\u00e9ception des dons de 2025."},"content":{"rendered":"<p>&nbsp;<\/p>\n<p><img data-recalc-dims=\"1\" loading=\"lazy\" decoding=\"async\" data-attachment-id=\"1266\" data-permalink=\"https:\/\/www.3tv.bf\/index.php\/2025\/02\/07\/fond-de-soutien-patriotique-plus-de-8-000-000-de-fcfa-mobilises-lors-de-cette-premiere-ceremonie-de-reception-des-dons-de-2025\/whatsapp-image-2025-02-07-at-18-52-22\/\" data-orig-file=\"https:\/\/i0.wp.com\/www.3tv.bf\/wp-content\/uploads\/2025\/02\/WhatsApp-Image-2025-02-07-at-18.52.22.jpeg?fit=1000%2C750&amp;ssl=1\" data-orig-size=\"1000,750\" data-comments-opened=\"1\" data-image-meta=\"{&quot;aperture&quot;:&quot;0&quot;,&quot;credit&quot;:&quot;&quot;,&quot;camera&quot;:&quot;&quot;,&quot;caption&quot;:&quot;&quot;,&quot;created_timestamp&quot;:&quot;0&quot;,&quot;copyright&quot;:&quot;&quot;,&quot;focal_length&quot;:&quot;0&quot;,&quot;iso&quot;:&quot;0&quot;,&quot;shutter_speed&quot;:&quot;0&quot;,&quot;title&quot;:&quot;&quot;,&quot;orientation&quot;:&quot;0&quot;}\" data-image-title=\"WhatsApp Image 2025-02-07 at 18.52.22\" data-image-description=\"\" data-image-caption=\"\" data-large-file=\"https:\/\/i0.wp.com\/www.3tv.bf\/wp-content\/uploads\/2025\/02\/WhatsApp-Image-2025-02-07-at-18.52.22.jpeg?fit=696%2C522&amp;ssl=1\" class=\"wp-image-1266 size-medium alignleft\" src=\"https:\/\/i0.wp.com\/www.3tv.bf\/wp-content\/uploads\/2025\/02\/WhatsApp-Image-2025-02-07-at-18.52.22.jpeg?resize=300%2C225&#038;ssl=1\" alt=\"\" width=\"300\" height=\"225\" srcset=\"https:\/\/i0.wp.com\/www.3tv.bf\/wp-content\/uploads\/2025\/02\/WhatsApp-Image-2025-02-07-at-18.52.22.jpeg?resize=300%2C225&amp;ssl=1 300w, https:\/\/i0.wp.com\/www.3tv.bf\/wp-content\/uploads\/2025\/02\/WhatsApp-Image-2025-02-07-at-18.52.22.jpeg?resize=768%2C576&amp;ssl=1 768w, https:\/\/i0.wp.com\/www.3tv.bf\/wp-content\/uploads\/2025\/02\/WhatsApp-Image-2025-02-07-at-18.52.22.jpeg?resize=150%2C113&amp;ssl=1 150w, https:\/\/i0.wp.com\/www.3tv.bf\/wp-content\/uploads\/2025\/02\/WhatsApp-Image-2025-02-07-at-18.52.22.jpeg?resize=696%2C522&amp;ssl=1 696w, https:\/\/i0.wp.com\/www.3tv.bf\/wp-content\/uploads\/2025\/02\/WhatsApp-Image-2025-02-07-at-18.52.22.jpeg?w=1000&amp;ssl=1 1000w\" sizes=\"auto, (max-width: 300px) 100vw, 300px\" \/>Ce vendredi 07 janvier 2025, a eu lieu la premi\u00e8re c\u00e9r\u00e9monie de remise de dons de l\u2019ann\u00e9e 2025 pour le compte du fonds de soutien patriotique.<\/p>\n<p>Pr\u00e9sid\u00e9 par le Secr\u00e9taire g\u00e9n\u00e9ral (SG) du Minist\u00e8re en charge de l\u2019\u00e9conomie et des finances, Vieux Rachid SOULAMA, c\u2019est un montant de plus de 8 000 000 de FCFA qui a \u00e9t\u00e9 r\u00e9ceptionn\u00e9s en ce jour.<\/p>\n<p>&nbsp;<\/p>\n<p><img data-recalc-dims=\"1\" loading=\"lazy\" decoding=\"async\" data-attachment-id=\"1267\" data-permalink=\"https:\/\/www.3tv.bf\/index.php\/2025\/02\/07\/fond-de-soutien-patriotique-plus-de-8-000-000-de-fcfa-mobilises-lors-de-cette-premiere-ceremonie-de-reception-des-dons-de-2025\/whatsapp-image-2025-02-07-at-18-24-10-2\/\" data-orig-file=\"https:\/\/i0.wp.com\/www.3tv.bf\/wp-content\/uploads\/2025\/02\/WhatsApp-Image-2025-02-07-at-18.24.10-1.jpeg?fit=1000%2C750&amp;ssl=1\" data-orig-size=\"1000,750\" data-comments-opened=\"1\" data-image-meta=\"{&quot;aperture&quot;:&quot;0&quot;,&quot;credit&quot;:&quot;&quot;,&quot;camera&quot;:&quot;&quot;,&quot;caption&quot;:&quot;&quot;,&quot;created_timestamp&quot;:&quot;0&quot;,&quot;copyright&quot;:&quot;&quot;,&quot;focal_length&quot;:&quot;0&quot;,&quot;iso&quot;:&quot;0&quot;,&quot;shutter_speed&quot;:&quot;0&quot;,&quot;title&quot;:&quot;&quot;,&quot;orientation&quot;:&quot;0&quot;}\" data-image-title=\"WhatsApp Image 2025-02-07 at 18.24.10\" data-image-description=\"\" data-image-caption=\"\" data-large-file=\"https:\/\/i0.wp.com\/www.3tv.bf\/wp-content\/uploads\/2025\/02\/WhatsApp-Image-2025-02-07-at-18.24.10-1.jpeg?fit=696%2C522&amp;ssl=1\" class=\" wp-image-1267 alignright\" src=\"https:\/\/i0.wp.com\/www.3tv.bf\/wp-content\/uploads\/2025\/02\/WhatsApp-Image-2025-02-07-at-18.24.10-1.jpeg?resize=265%2C198&#038;ssl=1\" alt=\"\" width=\"265\" height=\"198\" srcset=\"https:\/\/i0.wp.com\/www.3tv.bf\/wp-content\/uploads\/2025\/02\/WhatsApp-Image-2025-02-07-at-18.24.10-1.jpeg?resize=300%2C225&amp;ssl=1 300w, https:\/\/i0.wp.com\/www.3tv.bf\/wp-content\/uploads\/2025\/02\/WhatsApp-Image-2025-02-07-at-18.24.10-1.jpeg?resize=768%2C576&amp;ssl=1 768w, https:\/\/i0.wp.com\/www.3tv.bf\/wp-content\/uploads\/2025\/02\/WhatsApp-Image-2025-02-07-at-18.24.10-1.jpeg?resize=150%2C113&amp;ssl=1 150w, https:\/\/i0.wp.com\/www.3tv.bf\/wp-content\/uploads\/2025\/02\/WhatsApp-Image-2025-02-07-at-18.24.10-1.jpeg?resize=485%2C360&amp;ssl=1 485w, https:\/\/i0.wp.com\/www.3tv.bf\/wp-content\/uploads\/2025\/02\/WhatsApp-Image-2025-02-07-at-18.24.10-1.jpeg?resize=696%2C522&amp;ssl=1 696w, https:\/\/i0.wp.com\/www.3tv.bf\/wp-content\/uploads\/2025\/02\/WhatsApp-Image-2025-02-07-at-18.24.10-1.jpeg?w=1000&amp;ssl=1 1000w\" sizes=\"auto, (max-width: 265px) 100vw, 265px\" \/>Ces dons ont \u00e9t\u00e9 effectu\u00e9 par 05 donateurs dont 04 associations (FORA, D\u2019YIDAN , VILLAGE DE KOUMBORE, VEILLE CITOYENNE DE NIANGOLOGO) et SEVEN LOG.<\/p>\n<p>&nbsp;<\/p>\n<p>&nbsp;<\/p>\n<p>&nbsp;<\/p>\n<p><img data-recalc-dims=\"1\" loading=\"lazy\" decoding=\"async\" data-attachment-id=\"1268\" data-permalink=\"https:\/\/www.3tv.bf\/index.php\/2025\/02\/07\/fond-de-soutien-patriotique-plus-de-8-000-000-de-fcfa-mobilises-lors-de-cette-premiere-ceremonie-de-reception-des-dons-de-2025\/whatsapp-image-2025-02-07-at-18-24-14\/\" data-orig-file=\"https:\/\/i0.wp.com\/www.3tv.bf\/wp-content\/uploads\/2025\/02\/WhatsApp-Image-2025-02-07-at-18.24.14.jpeg?fit=1000%2C750&amp;ssl=1\" data-orig-size=\"1000,750\" data-comments-opened=\"1\" data-image-meta=\"{&quot;aperture&quot;:&quot;0&quot;,&quot;credit&quot;:&quot;&quot;,&quot;camera&quot;:&quot;&quot;,&quot;caption&quot;:&quot;&quot;,&quot;created_timestamp&quot;:&quot;0&quot;,&quot;copyright&quot;:&quot;&quot;,&quot;focal_length&quot;:&quot;0&quot;,&quot;iso&quot;:&quot;0&quot;,&quot;shutter_speed&quot;:&quot;0&quot;,&quot;title&quot;:&quot;&quot;,&quot;orientation&quot;:&quot;0&quot;}\" data-image-title=\"WhatsApp Image 2025-02-07 at 18.24.14\" data-image-description=\"\" data-image-caption=\"\" data-large-file=\"https:\/\/i0.wp.com\/www.3tv.bf\/wp-content\/uploads\/2025\/02\/WhatsApp-Image-2025-02-07-at-18.24.14.jpeg?fit=696%2C522&amp;ssl=1\" class=\"size-medium wp-image-1268 alignleft\" src=\"https:\/\/i0.wp.com\/www.3tv.bf\/wp-content\/uploads\/2025\/02\/WhatsApp-Image-2025-02-07-at-18.24.14.jpeg?resize=300%2C225&#038;ssl=1\" alt=\"\" width=\"300\" height=\"225\" srcset=\"https:\/\/i0.wp.com\/www.3tv.bf\/wp-content\/uploads\/2025\/02\/WhatsApp-Image-2025-02-07-at-18.24.14.jpeg?resize=300%2C225&amp;ssl=1 300w, https:\/\/i0.wp.com\/www.3tv.bf\/wp-content\/uploads\/2025\/02\/WhatsApp-Image-2025-02-07-at-18.24.14.jpeg?resize=768%2C576&amp;ssl=1 768w, https:\/\/i0.wp.com\/www.3tv.bf\/wp-content\/uploads\/2025\/02\/WhatsApp-Image-2025-02-07-at-18.24.14.jpeg?resize=150%2C113&amp;ssl=1 150w, https:\/\/i0.wp.com\/www.3tv.bf\/wp-content\/uploads\/2025\/02\/WhatsApp-Image-2025-02-07-at-18.24.14.jpeg?resize=696%2C522&amp;ssl=1 696w, https:\/\/i0.wp.com\/www.3tv.bf\/wp-content\/uploads\/2025\/02\/WhatsApp-Image-2025-02-07-at-18.24.14.jpeg?w=1000&amp;ssl=1 1000w\" sizes=\"auto, (max-width: 300px) 100vw, 300px\" \/>Unanimement, ils soutiennent ne pas rester indiff\u00e9rent \u00e0 l\u2019appel \u00e0 contribution pour le Fonds de soutien patriotique (FSP) et pour certains ce n\u2019est que le d\u00e9but d\u2019une grande collaboration avec le Fonds de Soutien\u00a0Patriotique.<\/p>\n<p>&nbsp;<\/p>\n<p>&nbsp;<\/p>\n<p>&nbsp;<\/p>\n<p><img data-recalc-dims=\"1\" loading=\"lazy\" decoding=\"async\" data-attachment-id=\"1269\" data-permalink=\"https:\/\/www.3tv.bf\/index.php\/2025\/02\/07\/fond-de-soutien-patriotique-plus-de-8-000-000-de-fcfa-mobilises-lors-de-cette-premiere-ceremonie-de-reception-des-dons-de-2025\/whatsapp-image-2025-02-07-at-18-24-24-1\/\" data-orig-file=\"https:\/\/i0.wp.com\/www.3tv.bf\/wp-content\/uploads\/2025\/02\/WhatsApp-Image-2025-02-07-at-18.24.24-1.jpeg?fit=1000%2C750&amp;ssl=1\" data-orig-size=\"1000,750\" data-comments-opened=\"1\" data-image-meta=\"{&quot;aperture&quot;:&quot;0&quot;,&quot;credit&quot;:&quot;&quot;,&quot;camera&quot;:&quot;&quot;,&quot;caption&quot;:&quot;&quot;,&quot;created_timestamp&quot;:&quot;0&quot;,&quot;copyright&quot;:&quot;&quot;,&quot;focal_length&quot;:&quot;0&quot;,&quot;iso&quot;:&quot;0&quot;,&quot;shutter_speed&quot;:&quot;0&quot;,&quot;title&quot;:&quot;&quot;,&quot;orientation&quot;:&quot;0&quot;}\" data-image-title=\"WhatsApp Image 2025-02-07 at 18.24.24 (1)\" data-image-description=\"\" data-image-caption=\"\" data-large-file=\"https:\/\/i0.wp.com\/www.3tv.bf\/wp-content\/uploads\/2025\/02\/WhatsApp-Image-2025-02-07-at-18.24.24-1.jpeg?fit=696%2C522&amp;ssl=1\" class=\"size-medium wp-image-1269 alignright\" src=\"https:\/\/i0.wp.com\/www.3tv.bf\/wp-content\/uploads\/2025\/02\/WhatsApp-Image-2025-02-07-at-18.24.24-1.jpeg?resize=300%2C225&#038;ssl=1\" alt=\"\" width=\"300\" height=\"225\" srcset=\"https:\/\/i0.wp.com\/www.3tv.bf\/wp-content\/uploads\/2025\/02\/WhatsApp-Image-2025-02-07-at-18.24.24-1.jpeg?resize=300%2C225&amp;ssl=1 300w, https:\/\/i0.wp.com\/www.3tv.bf\/wp-content\/uploads\/2025\/02\/WhatsApp-Image-2025-02-07-at-18.24.24-1.jpeg?resize=768%2C576&amp;ssl=1 768w, https:\/\/i0.wp.com\/www.3tv.bf\/wp-content\/uploads\/2025\/02\/WhatsApp-Image-2025-02-07-at-18.24.24-1.jpeg?resize=150%2C113&amp;ssl=1 150w, https:\/\/i0.wp.com\/www.3tv.bf\/wp-content\/uploads\/2025\/02\/WhatsApp-Image-2025-02-07-at-18.24.24-1.jpeg?resize=696%2C522&amp;ssl=1 696w, https:\/\/i0.wp.com\/www.3tv.bf\/wp-content\/uploads\/2025\/02\/WhatsApp-Image-2025-02-07-at-18.24.24-1.jpeg?w=1000&amp;ssl=1 1000w\" sizes=\"auto, (max-width: 300px) 100vw, 300px\" \/>Le Fonds de soutien patriotique (FSP) a \u00e9t\u00e9 renouvel\u00e9 en janvier 2025, et c&rsquo;est plus 175 milliards qui ont \u00e9t\u00e9 r\u00e9ceptionn\u00e9s en 2024.<\/p>\n","protected":false},"excerpt":{"rendered":"<p>&nbsp; Ce vendredi 07 janvier 2025, a eu lieu la premi\u00e8re c\u00e9r\u00e9monie de remise de dons de l\u2019ann\u00e9e 2025 pour le compte du fonds de soutien patriotique. Pr\u00e9sid\u00e9 par le Secr\u00e9taire g\u00e9n\u00e9ral (SG) du Minist\u00e8re en charge de l\u2019\u00e9conomie et des finances, Vieux Rachid SOULAMA, c\u2019est un montant de plus de 8 000 000 de [&hellip;]<\/p>\n","protected":false},"author":16,"featured_media":1267,"comment_status":"open","ping_status":"open","sticky":false,"template":"","format":"standard","meta":{"advanced_seo_description":"","jetpack_seo_html_title":"","jetpack_seo_noindex":false,"_jetpack_memberships_contains_paid_content":false,"footnotes":"","jetpack_publicize_message":"","jetpack_publicize_feature_enabled":true,"jetpack_social_post_already_shared":true,"jetpack_social_options":{"image_generator_settings":{"template":"highway","default_image_id":0,"font":"","enabled":false},"version":2}},"categories":[3],"tags":[],"class_list":{"0":"post-1264","1":"post","2":"type-post","3":"status-publish","4":"format-standard","5":"has-post-thumbnail","7":"category-politique"},"jetpack_publicize_connections":[],"jetpack_featured_media_url":"https:\/\/i0.wp.com\/www.3tv.bf\/wp-content\/uploads\/2025\/02\/WhatsApp-Image-2025-02-07-at-18.24.10-1.jpeg?fit=1000%2C750&ssl=1","jetpack_shortlink":"https:\/\/wp.me\/pc7wRC-ko","jetpack_sharing_enabled":true,"_links":{"self":[{"href":"https:\/\/www.3tv.bf\/index.php\/wp-json\/wp\/v2\/posts\/1264","targetHints":{"allow":["GET"]}}],"collection":[{"href":"https:\/\/www.3tv.bf\/index.php\/wp-json\/wp\/v2\/posts"}],"about":[{"href":"https:\/\/www.3tv.bf\/index.php\/wp-json\/wp\/v2\/types\/post"}],"author":[{"embeddable":true,"href":"https:\/\/www.3tv.bf\/index.php\/wp-json\/wp\/v2\/users\/16"}],"replies":[{"embeddable":true,"href":"https:\/\/www.3tv.bf\/index.php\/wp-json\/wp\/v2\/comments?post=1264"}],"version-history":[{"count":5,"href":"https:\/\/www.3tv.bf\/index.php\/wp-json\/wp\/v2\/posts\/1264\/revisions"}],"predecessor-version":[{"id":1277,"href":"https:\/\/www.3tv.bf\/index.php\/wp-json\/wp\/v2\/posts\/1264\/revisions\/1277"}],"wp:featuredmedia":[{"embeddable":true,"href":"https:\/\/www.3tv.bf\/index.php\/wp-json\/wp\/v2\/media\/1267"}],"wp:attachment":[{"href":"https:\/\/www.3tv.bf\/index.php\/wp-json\/wp\/v2\/media?parent=1264"}],"wp:term":[{"taxonomy":"category","embeddable":true,"href":"https:\/\/www.3tv.bf\/index.php\/wp-json\/wp\/v2\/categories?post=1264"},{"taxonomy":"post_tag","embeddable":true,"href":"https:\/\/www.3tv.bf\/index.php\/wp-json\/wp\/v2\/tags?post=1264"}],"curies":[{"name":"wp","href":"https:\/\/api.w.org\/{rel}","templated":true}]}}